{"id":108615,"date":"2023-11-02T11:56:21","date_gmt":"2023-11-02T17:56:21","guid":{"rendered":"http:\/\/diariodigitalmx.com\/?p=108615"},"modified":"2023-11-02T11:58:03","modified_gmt":"2023-11-02T17:58:03","slug":"goyo-el-nino-que-desde-ultratumba-ameniza-funerales-con-su-violin","status":"publish","type":"post","link":"https:\/\/diariodigitalmx.com\/index.php\/2023\/11\/02\/goyo-el-nino-que-desde-ultratumba-ameniza-funerales-con-su-violin\/","title":{"rendered":"Goyo, el ni\u00f1o que desde ultratumba ameniza funerales con su viol\u00edn"},"content":{"rendered":"\n<p>Monterrey .- Los vecinos del pante\u00f3n El Carmen, han escuchado su m\u00fasica, un melodioso sonido que les causa un remanso de paz y a veces tambi\u00e9n tristeza.<\/p>\n\n\n\n<p>Se trata de la leyenda de \u201c El Ni\u00f1o del Viol\u00edn\u201d, que dicen, sale de su tumba y toca entre las tumbas de este cementerio de 122 a\u00f1os de antig\u00fcedad ubicado al poniente, a unos metros del primer cuadro de la Ciudad de Monterrey.<\/p>\n\n\n\n<p>Gregorio Alan\u00eds Gonz\u00e1lez, nacido en el poblado El Cercado, municipio de Santiago, el 17 de noviembre de 1895, hijo de Ram\u00f3n Alan\u00eds Tamez y de Manuelita Gonz\u00e1lez, muri\u00f3 a los 13 a\u00f1os de edad el 13 de agosto de 1908.<\/p>\n\n\n\n<p>El peque\u00f1o ten\u00eda vocaci\u00f3n musical y con maestr\u00eda ejecutaba bell\u00edsimas piezas cl\u00e1sicas por lo que su familia decidi\u00f3 comprarle un costoso viol\u00edn \u201cStradivarius\u201d y pronto fue conocido como el \u201cNi\u00f1o Virtuoso del Viol\u00edn\u201d.<\/p>\n\n\n\n<figure class=\"wp-block-image size-large\"><img loading=\"lazy\" decoding=\"async\" width=\"1024\" height=\"576\" src=\"http:\/\/diariodigitalmx.com\/wp-content\/uploads\/2023\/11\/img-20171029-wa0033-1024x576.webp\" alt=\"\" class=\"wp-image-108619\" srcset=\"https:\/\/diariodigitalmx.com\/wp-content\/uploads\/2023\/11\/img-20171029-wa0033-1024x576.webp 1024w, https:\/\/diariodigitalmx.com\/wp-content\/uploads\/2023\/11\/img-20171029-wa0033-300x169.webp 300w, https:\/\/diariodigitalmx.com\/wp-content\/uploads\/2023\/11\/img-20171029-wa0033-768x432.webp 768w, https:\/\/diariodigitalmx.com\/wp-content\/uploads\/2023\/11\/img-20171029-wa0033.webp 1280w\" sizes=\"(max-width: 1024px) 100vw, 1024px\" \/><\/figure>\n\n\n\n<p>\u201cHay muchas leyendas y relatos en nuestros cementerios. Una de ellas es la de &#8220;El Ni\u00f1o del Viol\u00edn&#8221;,ah\u00ed podemos ver un sepulcro sobre el cual, se erige una escultura de m\u00e1rmol blanco con figura de un adolescente, sosteniendo un viol\u00edn bajo su brazo izquierdo\u201d, dice el cronista norestense, Antonio Guerrero Aguilar.<\/p>\n\n\n\n<p>\u201cLa leyenda se\u00f1ala que muri\u00f3 por una grave enfermedad y desde entonces su esp\u00edritu ronda todas las noches por los pasillos del pante\u00f3n o desde su mausoleo tocando su viol\u00edn entre la 1 y 3 de ma\u00f1ana, para deleite de las otras \u00e1nimas que habitan en este cementerio\u201d, explica<br>Guerrero quien promueve la identidad y cultura del municipio de Santa Catarina en relaci\u00f3n con Nuevo Le\u00f3n y el noreste de M\u00e9xico.<\/p>\n\n\n\n<p>De acuerdo a historiadores el peque\u00f1o Goyo muri\u00f3 de tuberculosis en una de las empresas de sus padres ubicada en el vecino Estado de Coahuila. \u201c En esos tiempos era dif\u00edcil aceptar esa enfermedad y no se di\u00f3 a conocer, se dijo que fue su muerte por problemas respiratorios\u201d.<\/p>\n\n\n\n<figure class=\"wp-block-image size-large\"><img loading=\"lazy\" decoding=\"async\" width=\"1024\" height=\"576\" src=\"http:\/\/diariodigitalmx.com\/wp-content\/uploads\/2023\/11\/img-20171029-wa0035_1-1024x576.jpg\" alt=\"\" class=\"wp-image-108621\" srcset=\"https:\/\/diariodigitalmx.com\/wp-content\/uploads\/2023\/11\/img-20171029-wa0035_1-1024x576.jpg 1024w, https:\/\/diariodigitalmx.com\/wp-content\/uploads\/2023\/11\/img-20171029-wa0035_1-300x169.jpg 300w, https:\/\/diariodigitalmx.com\/wp-content\/uploads\/2023\/11\/img-20171029-wa0035_1-768x432.jpg 768w, https:\/\/diariodigitalmx.com\/wp-content\/uploads\/2023\/11\/img-20171029-wa0035_1.jpg 1280w\" sizes=\"(max-width: 1024px) 100vw, 1024px\" \/><\/figure>\n\n\n\n<p>La familia habitaba por la calle Hidalgo, sede de numerosas residencias que habitaban los ricos de entonces, explica.<br>\u201cLos monumentos funerarios tienen la intenci\u00f3n de hacer presente al difunto a trav\u00e9s de esculturas, im\u00e1genes y s\u00edmbolos nos hablan de lo que son y de lo que fueron\u201d, recuerda Guerrero Aguilar.<\/p>\n\n\n\n<p>Solo el cari\u00f1o inmensurable de sus padres para mantener vivo su recuerdo, levantaron \u00e9sta tumba; mientras ellos est\u00e1n en el sepulcro situado a la izquierda. Ah\u00ed est\u00e1 Gregorio junto a quienes le dieron vida y lloraron en la muerte temprana\u201d.<\/p>\n\n\n\n<p>Un vecino que tiene m\u00e1s de setenta a\u00f1os de vivir en los alrededores del cementerio avala la leyenda: \u201cNo es siempre, pero si he escuchado la m\u00fasica de viol\u00edn en las madrugadas\u201d.<\/p>\n\n\n\n<p>\u201cLe digo a mi pap\u00e1 que es el viento, tambi\u00e9n he escuchado la m\u00fasica, pero me resisto a creer que sea un fantasma\u201d, acota su hija.<\/p>\n","protected":false},"excerpt":{"rendered":"<p>Monterrey .- Los vecinos del pante\u00f3n El Carmen, han escuchado su m\u00fasica, un melodioso sonido que les causa un remanso de paz y a veces tambi\u00e9n tristeza. Se trata de la leyenda de \u201c El Ni\u00f1o del Viol\u00edn\u201d, que dicen, sale de su tumba y toca entre las tumbas de este cementerio de 122 a\u00f1os [&hellip;]<\/p>\n","protected":false},"author":1,"featured_media":108617,"comment_status":"open","ping_status":"open","sticky":true,"template":"","format":"standard","meta":{"footnotes":""},"categories":[6,3],"tags":[],"_links":{"self":[{"href":"https:\/\/diariodigitalmx.com\/index.php\/wp-json\/wp\/v2\/posts\/108615"}],"collection":[{"href":"https:\/\/diariodigitalmx.com\/index.php\/wp-json\/wp\/v2\/posts"}],"about":[{"href":"https:\/\/diariodigitalmx.com\/index.php\/wp-json\/wp\/v2\/types\/post"}],"author":[{"embeddable":true,"href":"https:\/\/diariodigitalmx.com\/index.php\/wp-json\/wp\/v2\/users\/1"}],"replies":[{"embeddable":true,"href":"https:\/\/diariodigitalmx.com\/index.php\/wp-json\/wp\/v2\/comments?post=108615"}],"version-history":[{"count":3,"href":"https:\/\/diariodigitalmx.com\/index.php\/wp-json\/wp\/v2\/posts\/108615\/revisions"}],"predecessor-version":[{"id":108622,"href":"https:\/\/diariodigitalmx.com\/index.php\/wp-json\/wp\/v2\/posts\/108615\/revisions\/108622"}],"wp:featuredmedia":[{"embeddable":true,"href":"https:\/\/diariodigitalmx.com\/index.php\/wp-json\/wp\/v2\/media\/108617"}],"wp:attachment":[{"href":"https:\/\/diariodigitalmx.com\/index.php\/wp-json\/wp\/v2\/media?parent=108615"}],"wp:term":[{"taxonomy":"category","embeddable":true,"href":"https:\/\/diariodigitalmx.com\/index.php\/wp-json\/wp\/v2\/categories?post=108615"},{"taxonomy":"post_tag","embeddable":true,"href":"https:\/\/diariodigitalmx.com\/index.php\/wp-json\/wp\/v2\/tags?post=108615"}],"curies":[{"name":"wp","href":"https:\/\/api.w.org\/{rel}","templated":true}]}}