{"id":108642,"date":"2023-11-02T17:29:22","date_gmt":"2023-11-02T23:29:22","guid":{"rendered":"http:\/\/diariodigitalmx.com\/?p=108642"},"modified":"2023-11-02T17:30:04","modified_gmt":"2023-11-02T23:30:04","slug":"los-valores-no-tienen-colores","status":"publish","type":"post","link":"https:\/\/diariodigitalmx.com\/index.php\/2023\/11\/02\/los-valores-no-tienen-colores\/","title":{"rendered":"Los valores, no tienen colores"},"content":{"rendered":"\n<p>Estamos a tan solo 7 meses de tener la oportunidad de elegir a los representantes de elecci\u00f3n popular en Nuevo Le\u00f3n, votaremos por Presidente de la Rep\u00fablica, Diputados, Alcaldes y Senadores.<\/p>\n\n\n\n<p>Tenemos buen tiempo para analizar, meditar y razonar por qui\u00e9n vamos a votar.<\/p>\n\n\n\n<p>Ya se empiezan a o\u00edr nombres de los futuros candidatos.<\/p>\n\n\n\n<p>Para que los gobiernos verdaderamente funcionen se necesitan personas en los cargos p\u00fablicos de comprobada moral, experiencia en el servicio ya sea p\u00fablico o privado pero sobre todo!, una trayectoria de vida con valores morales como: honestidad, lealtad, y responsabilidad.<\/p>\n\n\n\n<p>Una persona honesta no ser\u00e1 capaz de perjudicar a los dem\u00e1s, por sus intereses personales.<\/p>\n\n\n\n<p>Una persona leal, no traicionar\u00e1, y tampoco se mover\u00e1 a su conveniencia dejando de lado los compromisos adquiridos.<\/p>\n\n\n\n<p>Una persona responsable ser\u00e1 capaz de cumplir con el cargo p\u00fablico de principio a fin.<\/p>\n\n\n\n<p>Los ciudadanos no debemos quedarnos como espectadores solamente, somos corresponsables de los funcionarios p\u00fablicos en turno, gracias a nuestros votos est\u00e1n ah\u00ed.<\/p>\n\n\n\n<p>Los partidos pol\u00edticos ya no se definen por sus principios de origen, recientemente hemos visto a los partidos \u201cconservadores\u201d sin escuchar a sus representados . Y nos hemos sorprendido con partidos de \u201cizquierda \u201c tomando decisiones para conservadores.<\/p>\n\n\n\n<p>En esta ocasi\u00f3n te invito a valorar a la persona que se postula para cualquier cargo de elecci\u00f3n popular; sin etiquetas por el nombre del partido pol\u00edtico que lo postula.<\/p>\n\n\n\n<p>No se vale, no cumplir con la responsabilidad de salir a votar, eso tambi\u00e9n es una falta moral de los ciudadanos.<\/p>\n\n\n\n<p>Queremos un mejor gobierno, necesitamos a los mejores candidatos en todos los puestos p\u00fablicos Ya!<\/p>\n\n\n\n<p>Instituto Nacional de Consultor\u00eda Familiar<br>Luz Mar\u00eda Ortiz Quintos<\/p>\n","protected":false},"excerpt":{"rendered":"<p>Estamos a tan solo 7 meses de tener la oportunidad de elegir a los representantes de elecci\u00f3n popular en Nuevo Le\u00f3n, votaremos por Presidente de la Rep\u00fablica, Diputados, Alcaldes y Senadores. Tenemos buen tiempo para analizar, meditar y razonar por qui\u00e9n vamos a votar. Ya se empiezan a o\u00edr nombres de los futuros candidatos. Para [&hellip;]<\/p>\n","protected":false},"author":1,"featured_media":108644,"comment_status":"open","ping_status":"open","sticky":true,"template":"","format":"standard","meta":{"footnotes":""},"categories":[14,12],"tags":[],"_links":{"self":[{"href":"https:\/\/diariodigitalmx.com\/index.php\/wp-json\/wp\/v2\/posts\/108642"}],"collection":[{"href":"https:\/\/diariodigitalmx.com\/index.php\/wp-json\/wp\/v2\/posts"}],"about":[{"href":"https:\/\/diariodigitalmx.com\/index.php\/wp-json\/wp\/v2\/types\/post"}],"author":[{"embeddable":true,"href":"https:\/\/diariodigitalmx.com\/index.php\/wp-json\/wp\/v2\/users\/1"}],"replies":[{"embeddable":true,"href":"https:\/\/diariodigitalmx.com\/index.php\/wp-json\/wp\/v2\/comments?post=108642"}],"version-history":[{"count":1,"href":"https:\/\/diariodigitalmx.com\/index.php\/wp-json\/wp\/v2\/posts\/108642\/revisions"}],"predecessor-version":[{"id":108643,"href":"https:\/\/diariodigitalmx.com\/index.php\/wp-json\/wp\/v2\/posts\/108642\/revisions\/108643"}],"wp:featuredmedia":[{"embeddable":true,"href":"https:\/\/diariodigitalmx.com\/index.php\/wp-json\/wp\/v2\/media\/108644"}],"wp:attachment":[{"href":"https:\/\/diariodigitalmx.com\/index.php\/wp-json\/wp\/v2\/media?parent=108642"}],"wp:term":[{"taxonomy":"category","embeddable":true,"href":"https:\/\/diariodigitalmx.com\/index.php\/wp-json\/wp\/v2\/categories?post=108642"},{"taxonomy":"post_tag","embeddable":true,"href":"https:\/\/diariodigitalmx.com\/index.php\/wp-json\/wp\/v2\/tags?post=108642"}],"curies":[{"name":"wp","href":"https:\/\/api.w.org\/{rel}","templated":true}]}}