{"id":108645,"date":"2023-11-02T18:36:15","date_gmt":"2023-11-03T00:36:15","guid":{"rendered":"http:\/\/diariodigitalmx.com\/?p=108645"},"modified":"2023-11-02T20:53:03","modified_gmt":"2023-11-03T02:53:03","slug":"recuerdan-con-altar-de-muertos-al-doctor-arturo-alejandro-ugarte-emotivo-homenaje-a-su-memoria","status":"publish","type":"post","link":"https:\/\/diariodigitalmx.com\/index.php\/2023\/11\/02\/recuerdan-con-altar-de-muertos-al-doctor-arturo-alejandro-ugarte-emotivo-homenaje-a-su-memoria\/","title":{"rendered":"Recuerdan con Altar de Muertos al doctor Arturo Alejandro Ugarte; emotivo homenaje a su memoria"},"content":{"rendered":"\n<figure class=\"wp-block-image size-large\"><img loading=\"lazy\" decoding=\"async\" width=\"911\" height=\"1024\" src=\"http:\/\/diariodigitalmx.com\/wp-content\/uploads\/2023\/11\/IMG-20231102-WA0056-911x1024.jpg\" alt=\"\" class=\"wp-image-108648\" srcset=\"https:\/\/diariodigitalmx.com\/wp-content\/uploads\/2023\/11\/IMG-20231102-WA0056-911x1024.jpg 911w, https:\/\/diariodigitalmx.com\/wp-content\/uploads\/2023\/11\/IMG-20231102-WA0056-267x300.jpg 267w, https:\/\/diariodigitalmx.com\/wp-content\/uploads\/2023\/11\/IMG-20231102-WA0056-768x864.jpg 768w, https:\/\/diariodigitalmx.com\/wp-content\/uploads\/2023\/11\/IMG-20231102-WA0056.jpg 1189w\" sizes=\"(max-width: 911px) 100vw, 911px\" \/><\/figure>\n\n\n\n<p>Santa Catarina, N. L- Con un Altar de Muertos dedicado a su memoria, el PRI municipal de Santa Catarina, sectores y organizaciones, rindieron homenaje al doctor Arturo Alejandro Ugarte, quien dio lustre y relevancia al partido con su militancia y actividad social y partidista.<\/p>\n\n\n\n<figure class=\"wp-block-image size-large\"><img loading=\"lazy\" decoding=\"async\" width=\"1024\" height=\"683\" src=\"http:\/\/diariodigitalmx.com\/wp-content\/uploads\/2023\/11\/IMG-20231102-WA0152-1024x683.jpg\" alt=\"\" class=\"wp-image-108651\" srcset=\"https:\/\/diariodigitalmx.com\/wp-content\/uploads\/2023\/11\/IMG-20231102-WA0152-1024x683.jpg 1024w, https:\/\/diariodigitalmx.com\/wp-content\/uploads\/2023\/11\/IMG-20231102-WA0152-300x200.jpg 300w, https:\/\/diariodigitalmx.com\/wp-content\/uploads\/2023\/11\/IMG-20231102-WA0152-768x512.jpg 768w, https:\/\/diariodigitalmx.com\/wp-content\/uploads\/2023\/11\/IMG-20231102-WA0152-1536x1024.jpg 1536w, https:\/\/diariodigitalmx.com\/wp-content\/uploads\/2023\/11\/IMG-20231102-WA0152.jpg 1600w\" sizes=\"(max-width: 1024px) 100vw, 1024px\" \/><\/figure>\n\n\n\n<p>En un emotivo homenaje, con la presencia de la familia del doctor Alejandro Ugarte, se recordaron pasajes de la vida de quien, sus \u00faltimas actividades como priista y practicante de la medicina social las hizo en Santa Catarina como delegado del Comit\u00e9 Estatal y coordinador de campa\u00f1a.<\/p>\n\n\n\n<figure class=\"wp-block-image size-large\"><img loading=\"lazy\" decoding=\"async\" width=\"1024\" height=\"683\" src=\"http:\/\/diariodigitalmx.com\/wp-content\/uploads\/2023\/11\/IMG-20231102-WA0163-1024x683.jpg\" alt=\"\" class=\"wp-image-108654\" srcset=\"https:\/\/diariodigitalmx.com\/wp-content\/uploads\/2023\/11\/IMG-20231102-WA0163-1024x683.jpg 1024w, https:\/\/diariodigitalmx.com\/wp-content\/uploads\/2023\/11\/IMG-20231102-WA0163-300x200.jpg 300w, https:\/\/diariodigitalmx.com\/wp-content\/uploads\/2023\/11\/IMG-20231102-WA0163-768x512.jpg 768w, https:\/\/diariodigitalmx.com\/wp-content\/uploads\/2023\/11\/IMG-20231102-WA0163-1536x1024.jpg 1536w, https:\/\/diariodigitalmx.com\/wp-content\/uploads\/2023\/11\/IMG-20231102-WA0163.jpg 1600w\" sizes=\"(max-width: 1024px) 100vw, 1024px\" \/><\/figure>\n\n\n\n<p>En el evento organizado por Agust\u00edn Ibarra, presidente del PRI de Santa Catarina, estuvieron tambi\u00e9n la regidora Mayra Hern\u00e1ndez Colunga, dirigente estatal del Movimiento Territorial priista, adem\u00e1s de l\u00edderes naturales de barrios y colonias que conocieron y trabajaron con el doctor Arturo Alejandro Ugarte.<\/p>\n\n\n\n<figure class=\"wp-block-image size-large\"><img loading=\"lazy\" decoding=\"async\" width=\"1024\" height=\"683\" src=\"http:\/\/diariodigitalmx.com\/wp-content\/uploads\/2023\/11\/IMG-20231102-WA0162-1024x683.jpg\" alt=\"\" class=\"wp-image-108656\" srcset=\"https:\/\/diariodigitalmx.com\/wp-content\/uploads\/2023\/11\/IMG-20231102-WA0162-1024x683.jpg 1024w, https:\/\/diariodigitalmx.com\/wp-content\/uploads\/2023\/11\/IMG-20231102-WA0162-300x200.jpg 300w, https:\/\/diariodigitalmx.com\/wp-content\/uploads\/2023\/11\/IMG-20231102-WA0162-768x512.jpg 768w, https:\/\/diariodigitalmx.com\/wp-content\/uploads\/2023\/11\/IMG-20231102-WA0162-1536x1024.jpg 1536w, https:\/\/diariodigitalmx.com\/wp-content\/uploads\/2023\/11\/IMG-20231102-WA0162.jpg 1600w\" sizes=\"(max-width: 1024px) 100vw, 1024px\" \/><\/figure>\n\n\n\n<p>Destac\u00f3 la presencia de Juan Carlos y Ver\u00f3nica Alejandro Camacho, hijos del doctor Arturo Alejandro, as\u00ed como su nieta Luc\u00eda Ch\u00e1vez Alejandro y su yerno Ra\u00fal Ch\u00e1vez Ruiz, quien en representaci\u00f3n de la familia, agradeci\u00f3 el homenaje, y pidi\u00f3 mantener el esp\u00edritu solidario y sensible para con los grupos m\u00e1s vulnerables, para de esa forma, seguir con la lucha social de su suegro.<\/p>\n\n\n\n<figure class=\"wp-block-video\"><video controls src=\"http:\/\/diariodigitalmx.com\/wp-content\/uploads\/2023\/11\/20231101_192146.mp4\"><\/video><\/figure>\n\n\n\n<figure class=\"wp-block-gallery has-nested-images columns-default is-cropped wp-block-gallery-1 is-layout-flex wp-block-gallery-is-layout-flex\">\n<figure class=\"wp-block-image size-large\"><img loading=\"lazy\" decoding=\"async\" width=\"1024\" height=\"768\" data-id=\"108667\" src=\"http:\/\/diariodigitalmx.com\/wp-content\/uploads\/2023\/11\/20231101_183604-1024x768.jpg\" alt=\"\" class=\"wp-image-108667\" srcset=\"https:\/\/diariodigitalmx.com\/wp-content\/uploads\/2023\/11\/20231101_183604-1024x768.jpg 1024w, https:\/\/diariodigitalmx.com\/wp-content\/uploads\/2023\/11\/20231101_183604-300x225.jpg 300w, https:\/\/diariodigitalmx.com\/wp-content\/uploads\/2023\/11\/20231101_183604-768x576.jpg 768w, https:\/\/diariodigitalmx.com\/wp-content\/uploads\/2023\/11\/20231101_183604-1536x1152.jpg 1536w, https:\/\/diariodigitalmx.com\/wp-content\/uploads\/2023\/11\/20231101_183604-2048x1536.jpg 2048w\" sizes=\"(max-width: 1024px) 100vw, 1024px\" \/><\/figure>\n\n\n\n<figure class=\"wp-block-image size-large\"><img loading=\"lazy\" decoding=\"async\" width=\"1024\" height=\"768\" data-id=\"108668\" src=\"http:\/\/diariodigitalmx.com\/wp-content\/uploads\/2023\/11\/20231101_183538-1024x768.jpg\" alt=\"\" class=\"wp-image-108668\" srcset=\"https:\/\/diariodigitalmx.com\/wp-content\/uploads\/2023\/11\/20231101_183538-1024x768.jpg 1024w, https:\/\/diariodigitalmx.com\/wp-content\/uploads\/2023\/11\/20231101_183538-300x225.jpg 300w, https:\/\/diariodigitalmx.com\/wp-content\/uploads\/2023\/11\/20231101_183538-768x576.jpg 768w, https:\/\/diariodigitalmx.com\/wp-content\/uploads\/2023\/11\/20231101_183538-1536x1152.jpg 1536w, https:\/\/diariodigitalmx.com\/wp-content\/uploads\/2023\/11\/20231101_183538-2048x1536.jpg 2048w\" sizes=\"(max-width: 1024px) 100vw, 1024px\" \/><\/figure>\n<\/figure>\n\n\n\n<p>Tanto Agust\u00edn Ibarra como la regidora Hern\u00e1ndez, Rogelio Fraire Flores y amigos del doctor Arturo Alejandro, recordaron an\u00e9cdotas y pasajes de la vida del homenajeado, en una charla de amistad, que cal\u00f3 hondo en la sensibilidad de los asistentes a la sede priista de Santa Catarina.<\/p>\n\n\n\n<figure class=\"wp-block-gallery has-nested-images columns-default is-cropped wp-block-gallery-2 is-layout-flex wp-block-gallery-is-layout-flex\">\n<figure class=\"wp-block-image size-large\"><img loading=\"lazy\" decoding=\"async\" width=\"1024\" height=\"683\" data-id=\"108663\" src=\"http:\/\/diariodigitalmx.com\/wp-content\/uploads\/2023\/11\/IMG-20231102-WA01501-1024x683.jpg\" alt=\"\" class=\"wp-image-108663\" srcset=\"https:\/\/diariodigitalmx.com\/wp-content\/uploads\/2023\/11\/IMG-20231102-WA01501-1024x683.jpg 1024w, https:\/\/diariodigitalmx.com\/wp-content\/uploads\/2023\/11\/IMG-20231102-WA01501-300x200.jpg 300w, https:\/\/diariodigitalmx.com\/wp-content\/uploads\/2023\/11\/IMG-20231102-WA01501-768x512.jpg 768w, https:\/\/diariodigitalmx.com\/wp-content\/uploads\/2023\/11\/IMG-20231102-WA01501-1536x1024.jpg 1536w, https:\/\/diariodigitalmx.com\/wp-content\/uploads\/2023\/11\/IMG-20231102-WA01501.jpg 1600w\" sizes=\"(max-width: 1024px) 100vw, 1024px\" \/><\/figure>\n\n\n\n<figure class=\"wp-block-image size-large\"><img loading=\"lazy\" decoding=\"async\" width=\"1024\" height=\"683\" data-id=\"108662\" src=\"http:\/\/diariodigitalmx.com\/wp-content\/uploads\/2023\/11\/IMG-20231102-WA0164-1024x683.jpg\" alt=\"\" class=\"wp-image-108662\" srcset=\"https:\/\/diariodigitalmx.com\/wp-content\/uploads\/2023\/11\/IMG-20231102-WA0164-1024x683.jpg 1024w, https:\/\/diariodigitalmx.com\/wp-content\/uploads\/2023\/11\/IMG-20231102-WA0164-300x200.jpg 300w, https:\/\/diariodigitalmx.com\/wp-content\/uploads\/2023\/11\/IMG-20231102-WA0164-768x512.jpg 768w, https:\/\/diariodigitalmx.com\/wp-content\/uploads\/2023\/11\/IMG-20231102-WA0164-1536x1024.jpg 1536w, https:\/\/diariodigitalmx.com\/wp-content\/uploads\/2023\/11\/IMG-20231102-WA0164.jpg 1600w\" sizes=\"(max-width: 1024px) 100vw, 1024px\" \/><\/figure>\n\n\n\n<figure class=\"wp-block-image size-large\"><img loading=\"lazy\" decoding=\"async\" width=\"1024\" height=\"683\" data-id=\"108664\" src=\"http:\/\/diariodigitalmx.com\/wp-content\/uploads\/2023\/11\/IMG-20231102-WA0158-1024x683.jpg\" alt=\"\" class=\"wp-image-108664\" srcset=\"https:\/\/diariodigitalmx.com\/wp-content\/uploads\/2023\/11\/IMG-20231102-WA0158-1024x683.jpg 1024w, https:\/\/diariodigitalmx.com\/wp-content\/uploads\/2023\/11\/IMG-20231102-WA0158-300x200.jpg 300w, https:\/\/diariodigitalmx.com\/wp-content\/uploads\/2023\/11\/IMG-20231102-WA0158-768x512.jpg 768w, https:\/\/diariodigitalmx.com\/wp-content\/uploads\/2023\/11\/IMG-20231102-WA0158-1536x1024.jpg 1536w, https:\/\/diariodigitalmx.com\/wp-content\/uploads\/2023\/11\/IMG-20231102-WA0158.jpg 1600w\" sizes=\"(max-width: 1024px) 100vw, 1024px\" \/><\/figure>\n<\/figure>\n\n\n\n<p>El doctor Arturo Alejandro Ugarte fue secretario general del Sindicato de Trabajadores del IMSS, presidente del PRI en Monterrey, diputado local, Regidor en Monterrey, delegado priista en diversos municipios entre ellos Santa Catarina, adem\u00e1s de ejercer la medicina social.<\/p>\n","protected":false},"excerpt":{"rendered":"<p>Santa Catarina, N. L- Con un Altar de Muertos dedicado a su memoria, el PRI municipal de Santa Catarina, sectores y organizaciones, rindieron homenaje al doctor Arturo Alejandro Ugarte, quien dio lustre y relevancia al partido con su militancia y actividad social y partidista. En un emotivo homenaje, con la presencia de la familia del [&hellip;]<\/p>\n","protected":false},"author":1,"featured_media":108647,"comment_status":"open","ping_status":"open","sticky":true,"template":"","format":"standard","meta":{"footnotes":""},"categories":[6,5],"tags":[],"_links":{"self":[{"href":"https:\/\/diariodigitalmx.com\/index.php\/wp-json\/wp\/v2\/posts\/108645"}],"collection":[{"href":"https:\/\/diariodigitalmx.com\/index.php\/wp-json\/wp\/v2\/posts"}],"about":[{"href":"https:\/\/diariodigitalmx.com\/index.php\/wp-json\/wp\/v2\/types\/post"}],"author":[{"embeddable":true,"href":"https:\/\/diariodigitalmx.com\/index.php\/wp-json\/wp\/v2\/users\/1"}],"replies":[{"embeddable":true,"href":"https:\/\/diariodigitalmx.com\/index.php\/wp-json\/wp\/v2\/comments?post=108645"}],"version-history":[{"count":8,"href":"https:\/\/diariodigitalmx.com\/index.php\/wp-json\/wp\/v2\/posts\/108645\/revisions"}],"predecessor-version":[{"id":108669,"href":"https:\/\/diariodigitalmx.com\/index.php\/wp-json\/wp\/v2\/posts\/108645\/revisions\/108669"}],"wp:featuredmedia":[{"embeddable":true,"href":"https:\/\/diariodigitalmx.com\/index.php\/wp-json\/wp\/v2\/media\/108647"}],"wp:attachment":[{"href":"https:\/\/diariodigitalmx.com\/index.php\/wp-json\/wp\/v2\/media?parent=108645"}],"wp:term":[{"taxonomy":"category","embeddable":true,"href":"https:\/\/diariodigitalmx.com\/index.php\/wp-json\/wp\/v2\/categories?post=108645"},{"taxonomy":"post_tag","embeddable":true,"href":"https:\/\/diariodigitalmx.com\/index.php\/wp-json\/wp\/v2\/tags?post=108645"}],"curies":[{"name":"wp","href":"https:\/\/api.w.org\/{rel}","templated":true}]}}