{"id":108685,"date":"2023-11-03T06:44:29","date_gmt":"2023-11-03T12:44:29","guid":{"rendered":"http:\/\/diariodigitalmx.com\/?p=108685"},"modified":"2023-11-03T06:45:03","modified_gmt":"2023-11-03T12:45:03","slug":"el-aislamiento-voluminoso","status":"publish","type":"post","link":"https:\/\/diariodigitalmx.com\/index.php\/2023\/11\/03\/el-aislamiento-voluminoso\/","title":{"rendered":"El aislamiento voluminoso"},"content":{"rendered":"\n<p>Gerson G\u00f3mez Salas<br>Concebimos las creencias como inamovibles. Les retiramos los tab\u00fas desde la palabra. Hemos sido c\u00f3mplices de los derechos civiles igualitarios. Del reconocimiento legal.<br>Nuestra firma al calce. Entre los miles de ciudadanos conscientes. Al precisar entre las generalizaciones.<br>Desconfiamos de los liderazgos mesi\u00e1nicos. De los exhibicionistas del libido alterado, chantajistas sociales frente a los periodistas y de los premios de consolaci\u00f3n.<br>Encallamos en los reproches cada vez m\u00e1s intolerantes. Generaci\u00f3n emergente y parricida. Les hace falta malicia. Hasta para decir sus frases como ustedes ya van de salida.<br>Adolescentes sin br\u00fajula. Ya crecieron en la neurodivergencia del tama\u00f1o de sus egos marchitos. Desean todo a cambio de nada. Por eso sus manifestaciones son violentas. Con botes de aerosol, encendedores, piolets, l\u00edquidos inflamables, tassers, y pimientas m\u00f3viles.<br>Su activismo se sostiene en redes sociales. En apenas peque\u00f1as c\u00e9lulas de aplaudidores de caf\u00e9, cerveza y mariguana.<br>Ciegos a la empat\u00eda, la sororidad, la autoeducaci\u00f3n y los canales de posibilidad para el dialogo. Para todas esas minor\u00edas, nuestra posici\u00f3n mayoritaria, debe ser destruida.<br>Sus banderas son apuestas tramposas. Siete de cada diez a\u00fan no definen sus preferencias. Ni siquiera la deserci\u00f3n a las cadenas laborales. Compran experiencias aproximadas al suicidio de las pocas neuronas sin da\u00f1o de nacimiento.<br>Los vemos en los antros. Al momento de aplicar o construir sus hojas de vida. Lanz\u00e1ndose a la era del vac\u00edo. A la generaci\u00f3n liquida y soluble, de los tiburones del mal.<\/p>\n","protected":false},"excerpt":{"rendered":"<p>Gerson G\u00f3mez SalasConcebimos las creencias como inamovibles. Les retiramos los tab\u00fas desde la palabra. Hemos sido c\u00f3mplices de los derechos civiles igualitarios. Del reconocimiento legal.Nuestra firma al calce. Entre los miles de ciudadanos conscientes. Al precisar entre las generalizaciones.Desconfiamos de los liderazgos mesi\u00e1nicos. De los exhibicionistas del libido alterado, chantajistas sociales frente a los periodistas [&hellip;]<\/p>\n","protected":false},"author":1,"featured_media":108687,"comment_status":"open","ping_status":"open","sticky":true,"template":"","format":"standard","meta":{"footnotes":""},"categories":[12,5],"tags":[],"_links":{"self":[{"href":"https:\/\/diariodigitalmx.com\/index.php\/wp-json\/wp\/v2\/posts\/108685"}],"collection":[{"href":"https:\/\/diariodigitalmx.com\/index.php\/wp-json\/wp\/v2\/posts"}],"about":[{"href":"https:\/\/diariodigitalmx.com\/index.php\/wp-json\/wp\/v2\/types\/post"}],"author":[{"embeddable":true,"href":"https:\/\/diariodigitalmx.com\/index.php\/wp-json\/wp\/v2\/users\/1"}],"replies":[{"embeddable":true,"href":"https:\/\/diariodigitalmx.com\/index.php\/wp-json\/wp\/v2\/comments?post=108685"}],"version-history":[{"count":1,"href":"https:\/\/diariodigitalmx.com\/index.php\/wp-json\/wp\/v2\/posts\/108685\/revisions"}],"predecessor-version":[{"id":108686,"href":"https:\/\/diariodigitalmx.com\/index.php\/wp-json\/wp\/v2\/posts\/108685\/revisions\/108686"}],"wp:featuredmedia":[{"embeddable":true,"href":"https:\/\/diariodigitalmx.com\/index.php\/wp-json\/wp\/v2\/media\/108687"}],"wp:attachment":[{"href":"https:\/\/diariodigitalmx.com\/index.php\/wp-json\/wp\/v2\/media?parent=108685"}],"wp:term":[{"taxonomy":"category","embeddable":true,"href":"https:\/\/diariodigitalmx.com\/index.php\/wp-json\/wp\/v2\/categories?post=108685"},{"taxonomy":"post_tag","embeddable":true,"href":"https:\/\/diariodigitalmx.com\/index.php\/wp-json\/wp\/v2\/tags?post=108685"}],"curies":[{"name":"wp","href":"https:\/\/api.w.org\/{rel}","templated":true}]}}