{"id":108691,"date":"2023-11-03T08:32:31","date_gmt":"2023-11-03T14:32:31","guid":{"rendered":"http:\/\/diariodigitalmx.com\/?p=108691"},"modified":"2023-11-03T08:34:49","modified_gmt":"2023-11-03T14:34:49","slug":"recuerdan-en-escobedo-a-seres-queridos-participan-familias-en-fetival-mictlan","status":"publish","type":"post","link":"https:\/\/diariodigitalmx.com\/index.php\/2023\/11\/03\/recuerdan-en-escobedo-a-seres-queridos-participan-familias-en-fetival-mictlan\/","title":{"rendered":"Recuerdan en Escobedo a seres queridos; participan familias en Festival Mictl\u00e1n"},"content":{"rendered":"\n<p>El Municipio de Escobedo continua con los festejos para conmemorar el D\u00eda de Muertos.<\/p>\n\n\n\n<p>Este jueves, las familias disfrutaron con el festival Mictl\u00e1n, una celebraci\u00f3n donde pudieron recordar a sus seres queridos.<\/p>\n\n\n\n<p>Fue en la Plaza Principal de la Presidencia Municipal, donde los festejos del Mictl\u00e1n fueron encabezados por el Alcalde Andr\u00e9s Mijes y su esposa, Yesica Torres de Mijes, Presidenta del DIF, espacio en donde se rindi\u00f3 homenaje a quienes se nos han adelantado en el camino.<\/p>\n\n\n\n<p>Con una emotiva procesi\u00f3n que ilumin\u00f3 la Plaza, fue como arranc\u00f3 este festejo, donde la gente sin importar el clima camin\u00f3 hasta el escenario central donde pudo disfrutar de espect\u00e1culos art\u00edsticos.<br>En el lugar, tambi\u00e9n los vecinos pudieron presenciar una muestra de altares y tambi\u00e9n, pudieron participar en una serie de actividades recreativas. Adem\u00e1s, en este punto, emprendedores locales pudieron ofrecer sus productos.<\/p>\n\n\n\n<figure class=\"wp-block-image size-large\"><img loading=\"lazy\" decoding=\"async\" width=\"1024\" height=\"683\" src=\"http:\/\/diariodigitalmx.com\/wp-content\/uploads\/2023\/11\/Q9A9060-1024x683.jpg\" alt=\"\" class=\"wp-image-108696\" srcset=\"https:\/\/diariodigitalmx.com\/wp-content\/uploads\/2023\/11\/Q9A9060-1024x683.jpg 1024w, https:\/\/diariodigitalmx.com\/wp-content\/uploads\/2023\/11\/Q9A9060-300x200.jpg 300w, https:\/\/diariodigitalmx.com\/wp-content\/uploads\/2023\/11\/Q9A9060-768x512.jpg 768w, https:\/\/diariodigitalmx.com\/wp-content\/uploads\/2023\/11\/Q9A9060-1536x1024.jpg 1536w, https:\/\/diariodigitalmx.com\/wp-content\/uploads\/2023\/11\/Q9A9060-2048x1365.jpg 2048w\" sizes=\"(max-width: 1024px) 100vw, 1024px\" \/><\/figure>\n\n\n\n<p>Los festejos del Mictl\u00e1n continuar\u00e1n, este viernes 3 de noviembre se visitar\u00e1 la Colonia Valle de San Francisco y la celebraci\u00f3n culminar\u00e1 este 4 de noviembre en el Parque Lineal<\/p>\n\n\n\n<p>El Festival Mictl\u00e1n est\u00e1 conformado por una serie de actividades musicales y tradicionales con las que las personas puedan disfrutar a lo m\u00e1ximo este D\u00eda de Muertos.<\/p>\n\n\n\n<p>Adem\u00e1s del Mictl\u00e1n, Escobedo tiene otras sorpresas, las familias pueden disfrutar en la Presidencia Municipal, la cual se ubica en el Centro de la Ciudad en Avenida Ju\u00e1rez n\u00famero 100, el macro altar dedicado al h\u00e9roe revolucionario Francisco Villa.<\/p>\n\n\n\n<figure class=\"wp-block-image size-large\"><img loading=\"lazy\" decoding=\"async\" width=\"1024\" height=\"683\" src=\"http:\/\/diariodigitalmx.com\/wp-content\/uploads\/2023\/11\/Q9A9214-1024x683.jpg\" alt=\"\" class=\"wp-image-108697\" srcset=\"https:\/\/diariodigitalmx.com\/wp-content\/uploads\/2023\/11\/Q9A9214-1024x683.jpg 1024w, https:\/\/diariodigitalmx.com\/wp-content\/uploads\/2023\/11\/Q9A9214-300x200.jpg 300w, https:\/\/diariodigitalmx.com\/wp-content\/uploads\/2023\/11\/Q9A9214-768x512.jpg 768w, https:\/\/diariodigitalmx.com\/wp-content\/uploads\/2023\/11\/Q9A9214-1536x1024.jpg 1536w, https:\/\/diariodigitalmx.com\/wp-content\/uploads\/2023\/11\/Q9A9214-2048x1365.jpg 2048w\" sizes=\"(max-width: 1024px) 100vw, 1024px\" \/><\/figure>\n\n\n\n<p>Tambi\u00e9n en este mismo espacio, se encuentra la exposici\u00f3n \u201cColor Calavera\u201d, que est\u00e1 conformada por 30 obras pict\u00f3ricas del artista regiomontano Adri\u00e1n \u00c9dgar, quien plasma en ellas la importancia de aprovechar cada momento de la vida.<\/p>\n\n\n\n<p>El Gobierno Municipal busca con estas acciones promover la tradici\u00f3n del D\u00eda de Muertos.<\/p>\n","protected":false},"excerpt":{"rendered":"<p>El Municipio de Escobedo continua con los festejos para conmemorar el D\u00eda de Muertos. Este jueves, las familias disfrutaron con el festival Mictl\u00e1n, una celebraci\u00f3n donde pudieron recordar a sus seres queridos. Fue en la Plaza Principal de la Presidencia Municipal, donde los festejos del Mictl\u00e1n fueron encabezados por el Alcalde Andr\u00e9s Mijes y su [&hellip;]<\/p>\n","protected":false},"author":1,"featured_media":108693,"comment_status":"open","ping_status":"open","sticky":true,"template":"","format":"standard","meta":{"footnotes":""},"categories":[14,6],"tags":[],"_links":{"self":[{"href":"https:\/\/diariodigitalmx.com\/index.php\/wp-json\/wp\/v2\/posts\/108691"}],"collection":[{"href":"https:\/\/diariodigitalmx.com\/index.php\/wp-json\/wp\/v2\/posts"}],"about":[{"href":"https:\/\/diariodigitalmx.com\/index.php\/wp-json\/wp\/v2\/types\/post"}],"author":[{"embeddable":true,"href":"https:\/\/diariodigitalmx.com\/index.php\/wp-json\/wp\/v2\/users\/1"}],"replies":[{"embeddable":true,"href":"https:\/\/diariodigitalmx.com\/index.php\/wp-json\/wp\/v2\/comments?post=108691"}],"version-history":[{"count":4,"href":"https:\/\/diariodigitalmx.com\/index.php\/wp-json\/wp\/v2\/posts\/108691\/revisions"}],"predecessor-version":[{"id":108699,"href":"https:\/\/diariodigitalmx.com\/index.php\/wp-json\/wp\/v2\/posts\/108691\/revisions\/108699"}],"wp:featuredmedia":[{"embeddable":true,"href":"https:\/\/diariodigitalmx.com\/index.php\/wp-json\/wp\/v2\/media\/108693"}],"wp:attachment":[{"href":"https:\/\/diariodigitalmx.com\/index.php\/wp-json\/wp\/v2\/media?parent=108691"}],"wp:term":[{"taxonomy":"category","embeddable":true,"href":"https:\/\/diariodigitalmx.com\/index.php\/wp-json\/wp\/v2\/categories?post=108691"},{"taxonomy":"post_tag","embeddable":true,"href":"https:\/\/diariodigitalmx.com\/index.php\/wp-json\/wp\/v2\/tags?post=108691"}],"curies":[{"name":"wp","href":"https:\/\/api.w.org\/{rel}","templated":true}]}}