{"id":108700,"date":"2023-11-03T12:29:10","date_gmt":"2023-11-03T18:29:10","guid":{"rendered":"http:\/\/diariodigitalmx.com\/?p=108700"},"modified":"2023-11-03T12:30:47","modified_gmt":"2023-11-03T18:30:47","slug":"recibe-zaira-zepeda-medalla-al-merito-empresarial-ammje-2023","status":"publish","type":"post","link":"https:\/\/diariodigitalmx.com\/index.php\/2023\/11\/03\/recibe-zaira-zepeda-medalla-al-merito-empresarial-ammje-2023\/","title":{"rendered":"Recibe Zaira Zepeda medalla al m\u00e9rito empresarial AMMJE 2023"},"content":{"rendered":"\n<p>Monterrey. &#8211; La empresaria de la Ciudad de M\u00e9xico recibi\u00f3 la medalla al m\u00e9rito empresarial \u201cBlanca Rosa \u00c1lvarez Rodr\u00edguez\u201d en su edici\u00f3n 2023, por su destacada trayectoria empresarial, contribuci\u00f3n en el desarrollo integral de la sociedad y liderazgo en proyectos innovadores de responsabilidad social y empoderamiento de sus colaboradores que lograron cambiar la percepci\u00f3n social.<\/p>\n\n\n\n<p>Este premio se otorg\u00f3 en el marco de la Cumbre Empresarial AMMJE 2023 \u201cBit Leaders. Donde el futuro se hace presente\u201d mediante el cual se reconoce la trayectoria, talento y liderazgo decidido de la socia perteneciente a la Asociaci\u00f3n Mexicana de Mujeres Jefas de Empresas, cuya labor empresarial contribuya de manera significativa en el desarrollo integral de nuestra sociedad.<\/p>\n\n\n\n<figure class=\"wp-block-image size-large\"><img loading=\"lazy\" decoding=\"async\" width=\"1024\" height=\"682\" src=\"http:\/\/diariodigitalmx.com\/wp-content\/uploads\/2023\/11\/IMG-20231103-WA0025-1024x682.jpg\" alt=\"\" class=\"wp-image-108704\" srcset=\"https:\/\/diariodigitalmx.com\/wp-content\/uploads\/2023\/11\/IMG-20231103-WA0025-1024x682.jpg 1024w, https:\/\/diariodigitalmx.com\/wp-content\/uploads\/2023\/11\/IMG-20231103-WA0025-300x200.jpg 300w, https:\/\/diariodigitalmx.com\/wp-content\/uploads\/2023\/11\/IMG-20231103-WA0025-768x512.jpg 768w, https:\/\/diariodigitalmx.com\/wp-content\/uploads\/2023\/11\/IMG-20231103-WA0025-1536x1023.jpg 1536w, https:\/\/diariodigitalmx.com\/wp-content\/uploads\/2023\/11\/IMG-20231103-WA0025.jpg 1600w\" sizes=\"(max-width: 1024px) 100vw, 1024px\" \/><\/figure>\n\n\n\n<p>Zaira Zepeda es propietaria y CEO fundadora de \u201cLocal Trendy\u201d, una empresa de renta de mobiliario y decoraci\u00f3n de eventos, cuenta con dos sedes y ha realizado m\u00e1s de 27 mil eventos impactando a m\u00e1s de 4 millones de personas en todo el pa\u00eds. Cuenta con un amplio inventario de mobiliario y accesorios para crear diversas propuestas creativas. Local Trendy es m\u00e1s que una arrendadora, ha edificado una marca comprometida con la idea de construir una sociedad m\u00e1s justa y equitativa.<\/p>\n\n\n\n<p>Este compromiso se refleja en la responsabilidad social, al patrocinar y donar parte de sus ganancias a organizaciones ben\u00e9ficas, apoyar proyectos sociales, una de las cuestiones que le vali\u00f3 la medalla al m\u00e9rito empresarial.<\/p>\n\n\n\n<figure class=\"wp-block-image size-large\"><img loading=\"lazy\" decoding=\"async\" width=\"1024\" height=\"682\" src=\"http:\/\/diariodigitalmx.com\/wp-content\/uploads\/2023\/11\/IMG-20231103-WA0023-1024x682.jpg\" alt=\"\" class=\"wp-image-108706\" srcset=\"https:\/\/diariodigitalmx.com\/wp-content\/uploads\/2023\/11\/IMG-20231103-WA0023-1024x682.jpg 1024w, https:\/\/diariodigitalmx.com\/wp-content\/uploads\/2023\/11\/IMG-20231103-WA0023-300x200.jpg 300w, https:\/\/diariodigitalmx.com\/wp-content\/uploads\/2023\/11\/IMG-20231103-WA0023-768x512.jpg 768w, https:\/\/diariodigitalmx.com\/wp-content\/uploads\/2023\/11\/IMG-20231103-WA0023-1536x1023.jpg 1536w, https:\/\/diariodigitalmx.com\/wp-content\/uploads\/2023\/11\/IMG-20231103-WA0023.jpg 1600w\" sizes=\"(max-width: 1024px) 100vw, 1024px\" \/><\/figure>\n\n\n\n<p>La premiada tiene m\u00e1s de 10 a\u00f1os de experiencia en los que Local Trendy se ha convertido en una de las 3 empresas m\u00e1s importantes del sector, con una Licenciatura en Relaciones Internacionales y una Maestr\u00eda en Business Administration del ITAM, ha adquirido los conocimientos necesarios para convertirse en una experta en temas de emprendimiento y empoderamiento de la mujer. Es una de los 10 certificadores de Alibaba Business School para Latinoam\u00e9rica, lo cual la convierte en una experta en el ecosistema de comercio electr\u00f3nico m\u00e1s grande a nivel mundial.<\/p>\n\n\n\n<p>Actualmente preside la Asociaci\u00f3n Mexicana de Mujeres Jefas de Empresas AMMJE Ciudad de M\u00e9xico; pertenece al patronato de la Asociaci\u00f3n de Amigos del Museo de Arte Popular (AAMAP), ha sido Consejera de Negocios en el peri\u00f3dico Reforma y su reconocimiento como una de las 40 mujeres l\u00edderes en M\u00e9xico por la revista Mundo Ejecutivo razones que son muestra de su capacidad para influir y generar un impacto positivo en diferentes \u00e1mbitos.<\/p>\n\n\n\n<p>Esta presea ha sido otorgada a muchas otras mujeres a lo largo del pa\u00eds entre ellas X\u00f3chitl G\u00e1lvez Ru\u00edz, Sonia Garza Gonz\u00e1lez, Cecilia Caro Luj\u00e1n, Cristina Rodr\u00edguez Rodr\u00edguez, entre muchas otras. El evento cont\u00f3 con la asistencia de l\u00edderes de organismos c\u00fapula del sector empresarial, funcionarios estatales y mujeres l\u00edderes.<\/p>\n","protected":false},"excerpt":{"rendered":"<p>Monterrey. &#8211; La empresaria de la Ciudad de M\u00e9xico recibi\u00f3 la medalla al m\u00e9rito empresarial \u201cBlanca Rosa \u00c1lvarez Rodr\u00edguez\u201d en su edici\u00f3n 2023, por su destacada trayectoria empresarial, contribuci\u00f3n en el desarrollo integral de la sociedad y liderazgo en proyectos innovadores de responsabilidad social y empoderamiento de sus colaboradores que lograron cambiar la percepci\u00f3n social. [&hellip;]<\/p>\n","protected":false},"author":1,"featured_media":108702,"comment_status":"open","ping_status":"open","sticky":true,"template":"","format":"standard","meta":{"footnotes":""},"categories":[14,10],"tags":[],"_links":{"self":[{"href":"https:\/\/diariodigitalmx.com\/index.php\/wp-json\/wp\/v2\/posts\/108700"}],"collection":[{"href":"https:\/\/diariodigitalmx.com\/index.php\/wp-json\/wp\/v2\/posts"}],"about":[{"href":"https:\/\/diariodigitalmx.com\/index.php\/wp-json\/wp\/v2\/types\/post"}],"author":[{"embeddable":true,"href":"https:\/\/diariodigitalmx.com\/index.php\/wp-json\/wp\/v2\/users\/1"}],"replies":[{"embeddable":true,"href":"https:\/\/diariodigitalmx.com\/index.php\/wp-json\/wp\/v2\/comments?post=108700"}],"version-history":[{"count":3,"href":"https:\/\/diariodigitalmx.com\/index.php\/wp-json\/wp\/v2\/posts\/108700\/revisions"}],"predecessor-version":[{"id":108707,"href":"https:\/\/diariodigitalmx.com\/index.php\/wp-json\/wp\/v2\/posts\/108700\/revisions\/108707"}],"wp:featuredmedia":[{"embeddable":true,"href":"https:\/\/diariodigitalmx.com\/index.php\/wp-json\/wp\/v2\/media\/108702"}],"wp:attachment":[{"href":"https:\/\/diariodigitalmx.com\/index.php\/wp-json\/wp\/v2\/media?parent=108700"}],"wp:term":[{"taxonomy":"category","embeddable":true,"href":"https:\/\/diariodigitalmx.com\/index.php\/wp-json\/wp\/v2\/categories?post=108700"},{"taxonomy":"post_tag","embeddable":true,"href":"https:\/\/diariodigitalmx.com\/index.php\/wp-json\/wp\/v2\/tags?post=108700"}],"curies":[{"name":"wp","href":"https:\/\/api.w.org\/{rel}","templated":true}]}}