{"id":108709,"date":"2023-11-03T16:27:27","date_gmt":"2023-11-03T22:27:27","guid":{"rendered":"http:\/\/diariodigitalmx.com\/?p=108709"},"modified":"2023-11-03T16:29:06","modified_gmt":"2023-11-03T22:29:06","slug":"envia-escobedo-primer-trailer-con-apoyo-a-guerrero","status":"publish","type":"post","link":"https:\/\/diariodigitalmx.com\/index.php\/2023\/11\/03\/envia-escobedo-primer-trailer-con-apoyo-a-guerrero\/","title":{"rendered":"Env\u00eda Escobedo primer tr\u00e1iler con apoyo a Guerrero"},"content":{"rendered":"\n<p>Gracias a la solidaridad de los ciudadanos y las empresas locales, este viernes, el Gobierno de Escobedo env\u00edo el primer tr\u00e1iler a Guerrero con v\u00edveres y art\u00edculos de primera necesidad para apoyar a las familias que resultaron afectadas por el Hurac\u00e1n \u201cOtis\u201d.<\/p>\n\n\n\n<p>El llamado de solidaridad hecho por el Alcalde Andr\u00e9s Mijes se vio reflejado en el primer cami\u00f3n que va rumbo a Guerrero y lleva consigo alimentos, ropa, medicamentos y diversos art\u00edculos que ser\u00e1n de utilidad a las familias que hoy est\u00e1n luchando para salir de nueva cuenta adelante.<\/p>\n\n\n\n<p>\u201cYa podemos mandar este tr\u00e1iler con destino a Acapulco, va a llegar al F\u00f3rum Imperial, ah\u00ed en Punto Diamante en Acapulco con el General Mart\u00ednez, ya hicimos contacto con todos los miembros de all\u00e1 del Estado de Guerrero y ah\u00ed nos dieron el punto para que llegue este cami\u00f3n que lleva ropa, lleva v\u00edveres, lleva agua y lleva medicamento\u201d, coment\u00f3 el Edil.<\/p>\n\n\n\n<figure class=\"wp-block-image size-large\"><img loading=\"lazy\" decoding=\"async\" width=\"1024\" height=\"681\" src=\"http:\/\/diariodigitalmx.com\/wp-content\/uploads\/2023\/11\/Q9A9618-1024x681.jpg\" alt=\"\" class=\"wp-image-108713\" srcset=\"https:\/\/diariodigitalmx.com\/wp-content\/uploads\/2023\/11\/Q9A9618-1024x681.jpg 1024w, https:\/\/diariodigitalmx.com\/wp-content\/uploads\/2023\/11\/Q9A9618-300x199.jpg 300w, https:\/\/diariodigitalmx.com\/wp-content\/uploads\/2023\/11\/Q9A9618-768x511.jpg 768w, https:\/\/diariodigitalmx.com\/wp-content\/uploads\/2023\/11\/Q9A9618-1536x1021.jpg 1536w, https:\/\/diariodigitalmx.com\/wp-content\/uploads\/2023\/11\/Q9A9618-2048x1362.jpg 2048w\" sizes=\"(max-width: 1024px) 100vw, 1024px\" \/><\/figure>\n\n\n\n<p>Ante la respuesta generada, el Centro de Acopio del DIF Municipal ubicado en la Avenida Ra\u00fal Salinas S\/N en la Colonia Celestino Gasca continuar\u00e1 abierto para recibir las donaciones de ciudadanos y empresas locales.<\/p>\n\n\n\n<p>El apoyo se estar\u00e1 recibiendo a partir de este s\u00e1bado en las oficinas del DIF Municipal en un horario de 9:00 de la ma\u00f1ana a 6:00 de la tarde.<\/p>\n\n\n\n<p>Dentro de los art\u00edculos que se estar\u00e1 recibiendo est\u00e1:<br>V\u00edveres<br>-Comida enlatada<br>-Alimentos no perecederos sellados (frijol, arroz, sopas, etc.)<\/p>\n\n\n\n<p>-Leche en polvo<\/p>\n\n\n\n<ul><li>Az\u00facar y sal<br>-Alimento para perros\/ gato<\/li><\/ul>\n\n\n\n<p>Art\u00edculos de higiene personal<br>-Jab\u00f3n<br>-Shampoo<br>-Papel higi\u00e9nico<br>-Toallas femeninas<br>-Pa\u00f1ales para beb\u00e9 y adulto<\/p>\n\n\n\n<p>Medicamentos (No caducos)<br>-Analg\u00e9sicos<br>-Antibi\u00f3ticos<br>-Antidiarr\u00e9icos<br>-Insumos para primeros auxilios<\/p>\n\n\n\n<p>Adem\u00e1s, se recibir\u00e1 ropa en buen estado que est\u00e9 clasificada.<\/p>\n","protected":false},"excerpt":{"rendered":"<p>Gracias a la solidaridad de los ciudadanos y las empresas locales, este viernes, el Gobierno de Escobedo env\u00edo el primer tr\u00e1iler a Guerrero con v\u00edveres y art\u00edculos de primera necesidad para apoyar a las familias que resultaron afectadas por el Hurac\u00e1n \u201cOtis\u201d. El llamado de solidaridad hecho por el Alcalde Andr\u00e9s Mijes se vio reflejado [&hellip;]<\/p>\n","protected":false},"author":1,"featured_media":108711,"comment_status":"open","ping_status":"open","sticky":true,"template":"","format":"standard","meta":{"footnotes":""},"categories":[14,6],"tags":[],"_links":{"self":[{"href":"https:\/\/diariodigitalmx.com\/index.php\/wp-json\/wp\/v2\/posts\/108709"}],"collection":[{"href":"https:\/\/diariodigitalmx.com\/index.php\/wp-json\/wp\/v2\/posts"}],"about":[{"href":"https:\/\/diariodigitalmx.com\/index.php\/wp-json\/wp\/v2\/types\/post"}],"author":[{"embeddable":true,"href":"https:\/\/diariodigitalmx.com\/index.php\/wp-json\/wp\/v2\/users\/1"}],"replies":[{"embeddable":true,"href":"https:\/\/diariodigitalmx.com\/index.php\/wp-json\/wp\/v2\/comments?post=108709"}],"version-history":[{"count":2,"href":"https:\/\/diariodigitalmx.com\/index.php\/wp-json\/wp\/v2\/posts\/108709\/revisions"}],"predecessor-version":[{"id":108714,"href":"https:\/\/diariodigitalmx.com\/index.php\/wp-json\/wp\/v2\/posts\/108709\/revisions\/108714"}],"wp:featuredmedia":[{"embeddable":true,"href":"https:\/\/diariodigitalmx.com\/index.php\/wp-json\/wp\/v2\/media\/108711"}],"wp:attachment":[{"href":"https:\/\/diariodigitalmx.com\/index.php\/wp-json\/wp\/v2\/media?parent=108709"}],"wp:term":[{"taxonomy":"category","embeddable":true,"href":"https:\/\/diariodigitalmx.com\/index.php\/wp-json\/wp\/v2\/categories?post=108709"},{"taxonomy":"post_tag","embeddable":true,"href":"https:\/\/diariodigitalmx.com\/index.php\/wp-json\/wp\/v2\/tags?post=108709"}],"curies":[{"name":"wp","href":"https:\/\/api.w.org\/{rel}","templated":true}]}}