{"id":10871,"date":"2019-08-28T13:46:14","date_gmt":"2019-08-28T18:46:14","guid":{"rendered":"http:\/\/diariodigitalmx.com\/?p=10871"},"modified":"2019-08-28T13:46:14","modified_gmt":"2019-08-28T18:46:14","slug":"reduce-banxico-expectativa-de-crecimiento-para-mexico","status":"publish","type":"post","link":"https:\/\/diariodigitalmx.com\/index.php\/2019\/08\/28\/reduce-banxico-expectativa-de-crecimiento-para-mexico\/","title":{"rendered":"Reduce Banxico expectativa de crecimiento para M\u00e9xico"},"content":{"rendered":"\n<h3 class=\"wp-block-heading\">*En su reporte trimestral, el banco redujo la expectativa\nde crecimiento a un rango de 0.2 a 0.7%<\/h3>\n\n\n\n<p>El\nBanco de M\u00e9xico redujo la expectativa de crecimiento econ\u00f3mico para el pa\u00eds a\nun rango de 0.2 a 0.7% en comparaci\u00f3n con una estimaci\u00f3n previa de 0.8 a 1.8%.<\/p>\n\n\n\n<p>En su reporte\ntrimestral, el banco central adelant\u00f3 que en el corto plazo la econom\u00eda\nmexicana muestra signos de recuperaci\u00f3n en el ritmo de crecimiento, aunque\nestos movimientos ser\u00e1n graduales.<\/p>\n\n\n\n<p>En otro tema, el Banxico redujo las expectativas de inflaci\u00f3n para el\ncierre de este a\u00f1o a 3.2%, desde 3.7%, debido a que los precios del sector\nenerg\u00e9tico y el agropecuario se comportan de mejor manera a la esperada.<\/p>\n\n\n\n<p>A\u00f1adi\u00f3 que para el cierre de agosto prev\u00e9 que el \u00cdndice Nacional de\nPrecios al Consumidor se ubique cerca del objetivo, es decir 3%.<\/p>\n","protected":false},"excerpt":{"rendered":"<p>*En su reporte trimestral, el banco redujo la expectativa de crecimiento a un rango de 0.2 a 0.7% El Banco de M\u00e9xico redujo la expectativa de crecimiento econ\u00f3mico para el pa\u00eds a un rango de 0.2 a 0.7% en comparaci\u00f3n con una estimaci\u00f3n previa de 0.8 a 1.8%. En su reporte trimestral, el banco central [&hellip;]<\/p>\n","protected":false},"author":1,"featured_media":10873,"comment_status":"open","ping_status":"open","sticky":true,"template":"","format":"standard","meta":{"footnotes":""},"categories":[10],"tags":[],"_links":{"self":[{"href":"https:\/\/diariodigitalmx.com\/index.php\/wp-json\/wp\/v2\/posts\/10871"}],"collection":[{"href":"https:\/\/diariodigitalmx.com\/index.php\/wp-json\/wp\/v2\/posts"}],"about":[{"href":"https:\/\/diariodigitalmx.com\/index.php\/wp-json\/wp\/v2\/types\/post"}],"author":[{"embeddable":true,"href":"https:\/\/diariodigitalmx.com\/index.php\/wp-json\/wp\/v2\/users\/1"}],"replies":[{"embeddable":true,"href":"https:\/\/diariodigitalmx.com\/index.php\/wp-json\/wp\/v2\/comments?post=10871"}],"version-history":[{"count":1,"href":"https:\/\/diariodigitalmx.com\/index.php\/wp-json\/wp\/v2\/posts\/10871\/revisions"}],"predecessor-version":[{"id":10872,"href":"https:\/\/diariodigitalmx.com\/index.php\/wp-json\/wp\/v2\/posts\/10871\/revisions\/10872"}],"wp:featuredmedia":[{"embeddable":true,"href":"https:\/\/diariodigitalmx.com\/index.php\/wp-json\/wp\/v2\/media\/10873"}],"wp:attachment":[{"href":"https:\/\/diariodigitalmx.com\/index.php\/wp-json\/wp\/v2\/media?parent=10871"}],"wp:term":[{"taxonomy":"category","embeddable":true,"href":"https:\/\/diariodigitalmx.com\/index.php\/wp-json\/wp\/v2\/categories?post=10871"},{"taxonomy":"post_tag","embeddable":true,"href":"https:\/\/diariodigitalmx.com\/index.php\/wp-json\/wp\/v2\/tags?post=10871"}],"curies":[{"name":"wp","href":"https:\/\/api.w.org\/{rel}","templated":true}]}}