{"id":108739,"date":"2023-11-04T12:27:25","date_gmt":"2023-11-04T18:27:25","guid":{"rendered":"http:\/\/diariodigitalmx.com\/?p=108739"},"modified":"2023-11-04T12:28:06","modified_gmt":"2023-11-04T18:28:06","slug":"mal-carnal-amenaza-de-muerte-a-su-hermana","status":"publish","type":"post","link":"https:\/\/diariodigitalmx.com\/index.php\/2023\/11\/04\/mal-carnal-amenaza-de-muerte-a-su-hermana\/","title":{"rendered":"Mal carnal, amenaza de muerte a su hermana"},"content":{"rendered":"\n<p><br>Por presuntamente amenazar de muerte a su hermana frente a la madre de ambos, un hombre fue detenido por oficiales de la Polic\u00eda de Monterrey, en la colonia Bur\u00f3cratas Federales.<br>Los hechos se registraron a las 11:55 horas, en las calles 10 y Andador 37, en el mencionado sector, donde fue capturado \u00c1ngel Salvador T., de 36 a\u00f1os de edad.<br>Elementos de la Polic\u00eda de Monterrey realizaban un recorrido de prevenci\u00f3n y vigilancia, cuando personal del C4i4 les reporta sobre un caso de amenazas, por lo que se aproximan al sitio.<br>Al llegar al lugar, se entrevistan con una femenina, de 32 a\u00f1os de edad, quien les refiere que se encontraba viendo la televisi\u00f3n en la sala, en casa de su se\u00f1ora madre.<br>Indic\u00f3 que lleg\u00f3 su hermano, quien vive con ellas, reclam\u00e1ndole con palabras altisonantes que por qu\u00e9 no lo dejaba hacer nada y por tal motivo la iba a matar cuando estuviera dormida.<br>La denunciante asegur\u00f3 no saber de qu\u00e9 le hablaba su consangu\u00edneo y, ante el temor de que le hiciera da\u00f1o, pidi\u00f3 su detenci\u00f3n.<br>El hombre fue trasladado a las instalaciones de la Polic\u00eda de Monterrey, donde qued\u00f3 a disposici\u00f3n del Ministerio P\u00fablico.<\/p>\n","protected":false},"excerpt":{"rendered":"<p>Por presuntamente amenazar de muerte a su hermana frente a la madre de ambos, un hombre fue detenido por oficiales de la Polic\u00eda de Monterrey, en la colonia Bur\u00f3cratas Federales.Los hechos se registraron a las 11:55 horas, en las calles 10 y Andador 37, en el mencionado sector, donde fue capturado \u00c1ngel Salvador T., de [&hellip;]<\/p>\n","protected":false},"author":1,"featured_media":108741,"comment_status":"open","ping_status":"open","sticky":true,"template":"","format":"standard","meta":{"footnotes":""},"categories":[14,7],"tags":[],"_links":{"self":[{"href":"https:\/\/diariodigitalmx.com\/index.php\/wp-json\/wp\/v2\/posts\/108739"}],"collection":[{"href":"https:\/\/diariodigitalmx.com\/index.php\/wp-json\/wp\/v2\/posts"}],"about":[{"href":"https:\/\/diariodigitalmx.com\/index.php\/wp-json\/wp\/v2\/types\/post"}],"author":[{"embeddable":true,"href":"https:\/\/diariodigitalmx.com\/index.php\/wp-json\/wp\/v2\/users\/1"}],"replies":[{"embeddable":true,"href":"https:\/\/diariodigitalmx.com\/index.php\/wp-json\/wp\/v2\/comments?post=108739"}],"version-history":[{"count":1,"href":"https:\/\/diariodigitalmx.com\/index.php\/wp-json\/wp\/v2\/posts\/108739\/revisions"}],"predecessor-version":[{"id":108740,"href":"https:\/\/diariodigitalmx.com\/index.php\/wp-json\/wp\/v2\/posts\/108739\/revisions\/108740"}],"wp:featuredmedia":[{"embeddable":true,"href":"https:\/\/diariodigitalmx.com\/index.php\/wp-json\/wp\/v2\/media\/108741"}],"wp:attachment":[{"href":"https:\/\/diariodigitalmx.com\/index.php\/wp-json\/wp\/v2\/media?parent=108739"}],"wp:term":[{"taxonomy":"category","embeddable":true,"href":"https:\/\/diariodigitalmx.com\/index.php\/wp-json\/wp\/v2\/categories?post=108739"},{"taxonomy":"post_tag","embeddable":true,"href":"https:\/\/diariodigitalmx.com\/index.php\/wp-json\/wp\/v2\/tags?post=108739"}],"curies":[{"name":"wp","href":"https:\/\/api.w.org\/{rel}","templated":true}]}}