{"id":108759,"date":"2023-11-05T17:11:37","date_gmt":"2023-11-05T23:11:37","guid":{"rendered":"http:\/\/diariodigitalmx.com\/?p=108759"},"modified":"2023-11-05T17:12:41","modified_gmt":"2023-11-05T23:12:41","slug":"en-nl-mejora-la-calidad-de-la-vivienda-y-se-combate-el-hacinamiento-martha-herrera","status":"publish","type":"post","link":"https:\/\/diariodigitalmx.com\/index.php\/2023\/11\/05\/en-nl-mejora-la-calidad-de-la-vivienda-y-se-combate-el-hacinamiento-martha-herrera\/","title":{"rendered":"En NL mejora la calidad de la vivienda y se combate el hacinamiento: Martha Herrera"},"content":{"rendered":"\n<p><br>Monterrey. &#8211; La Secretaria de Igualdad e Inclusi\u00f3n, Martha Herrera, destac\u00f3 que desde la V\u00eda de Vivienda se impulsa la construcci\u00f3n de pisos y techos con materiales firmes, as\u00ed como ampliaciones de vivienda que ayudan a abatir el hacinamiento.<\/p>\n\n\n\n<p>\u201cNos convertimos en la entidad con el menor porcentaje de poblaci\u00f3n en carencia por calidad y espacios en la vivienda de todo el pa\u00eds, logrando que 37 mil personas m\u00e1s mejoraran las condiciones de sus hogares\u201d, resalt\u00f3.<\/p>\n\n\n\n<p>\u201cPor otro lado trazamos el objetivo de alzar bandera blanca en materia de acceso a la energ\u00eda el\u00e9ctrica, entre otras acciones para que m\u00e1s personas cuenten con una vivienda adecuada\u201d, puntualiz\u00f3.<\/p>\n\n\n\n<p>La funcionaria estatal dijo lo anterior durante la conmemoraci\u00f3n del primer a\u00f1o de la V\u00eda Vivienda, que ha beneficiado a 16 mil 700 familias de Nuevo Le\u00f3n.<\/p>\n\n\n\n<figure class=\"wp-block-image size-large\"><img loading=\"lazy\" decoding=\"async\" width=\"1024\" height=\"608\" src=\"http:\/\/diariodigitalmx.com\/wp-content\/uploads\/2023\/11\/IMG_20231105_170912_075-1024x608.webp\" alt=\"\" class=\"wp-image-108762\" srcset=\"https:\/\/diariodigitalmx.com\/wp-content\/uploads\/2023\/11\/IMG_20231105_170912_075-1024x608.webp 1024w, https:\/\/diariodigitalmx.com\/wp-content\/uploads\/2023\/11\/IMG_20231105_170912_075-300x178.webp 300w, https:\/\/diariodigitalmx.com\/wp-content\/uploads\/2023\/11\/IMG_20231105_170912_075-768x456.webp 768w, https:\/\/diariodigitalmx.com\/wp-content\/uploads\/2023\/11\/IMG_20231105_170912_075.webp 1080w\" sizes=\"(max-width: 1024px) 100vw, 1024px\" \/><\/figure>\n\n\n\n<p>En el evento el gobernador Samuel Alejandro Garc\u00eda Sep\u00falveda entreg\u00f3 escrituras, mejoramientos, asignaciones y subsidios de vivienda a m\u00e1s de 2 mil 500 beneficiarios.<\/p>\n\n\n\n<p>A su vez, el director de Fomerrey y del Instituto de la Vivienda de Nuevo Le\u00f3n, Eugenio Montiel dio a conocer los logros y avances del Programa Hogar Nuevo Hogar, que forma parte de la Nueva Ruta.<\/p>\n\n\n\n<p>Se\u00f1al\u00f3 que a trav\u00e9s de la V\u00eda Vivienda del Programa \u201cHogar, Nuevo Hogar\u201d de la Nueva Ruta, se han beneficiado a m\u00e1s de 16 mil 700 familias neolonesas con escrituras, Mejoramientos, regularizaci\u00f3n y certeza jur\u00eddica.<\/p>\n","protected":false},"excerpt":{"rendered":"<p>Monterrey. &#8211; La Secretaria de Igualdad e Inclusi\u00f3n, Martha Herrera, destac\u00f3 que desde la V\u00eda de Vivienda se impulsa la construcci\u00f3n de pisos y techos con materiales firmes, as\u00ed como ampliaciones de vivienda que ayudan a abatir el hacinamiento. \u201cNos convertimos en la entidad con el menor porcentaje de poblaci\u00f3n en carencia por calidad y [&hellip;]<\/p>\n","protected":false},"author":1,"featured_media":108761,"comment_status":"open","ping_status":"open","sticky":true,"template":"","format":"standard","meta":{"footnotes":""},"categories":[14,6],"tags":[],"_links":{"self":[{"href":"https:\/\/diariodigitalmx.com\/index.php\/wp-json\/wp\/v2\/posts\/108759"}],"collection":[{"href":"https:\/\/diariodigitalmx.com\/index.php\/wp-json\/wp\/v2\/posts"}],"about":[{"href":"https:\/\/diariodigitalmx.com\/index.php\/wp-json\/wp\/v2\/types\/post"}],"author":[{"embeddable":true,"href":"https:\/\/diariodigitalmx.com\/index.php\/wp-json\/wp\/v2\/users\/1"}],"replies":[{"embeddable":true,"href":"https:\/\/diariodigitalmx.com\/index.php\/wp-json\/wp\/v2\/comments?post=108759"}],"version-history":[{"count":2,"href":"https:\/\/diariodigitalmx.com\/index.php\/wp-json\/wp\/v2\/posts\/108759\/revisions"}],"predecessor-version":[{"id":108763,"href":"https:\/\/diariodigitalmx.com\/index.php\/wp-json\/wp\/v2\/posts\/108759\/revisions\/108763"}],"wp:featuredmedia":[{"embeddable":true,"href":"https:\/\/diariodigitalmx.com\/index.php\/wp-json\/wp\/v2\/media\/108761"}],"wp:attachment":[{"href":"https:\/\/diariodigitalmx.com\/index.php\/wp-json\/wp\/v2\/media?parent=108759"}],"wp:term":[{"taxonomy":"category","embeddable":true,"href":"https:\/\/diariodigitalmx.com\/index.php\/wp-json\/wp\/v2\/categories?post=108759"},{"taxonomy":"post_tag","embeddable":true,"href":"https:\/\/diariodigitalmx.com\/index.php\/wp-json\/wp\/v2\/tags?post=108759"}],"curies":[{"name":"wp","href":"https:\/\/api.w.org\/{rel}","templated":true}]}}