{"id":108764,"date":"2023-11-05T17:55:09","date_gmt":"2023-11-05T23:55:09","guid":{"rendered":"http:\/\/diariodigitalmx.com\/?p=108764"},"modified":"2023-11-05T17:57:27","modified_gmt":"2023-11-05T23:57:27","slug":"iban-bien-armados-hasta-granada-tenian-esto-tambien-es-monterrey","status":"publish","type":"post","link":"https:\/\/diariodigitalmx.com\/index.php\/2023\/11\/05\/iban-bien-armados-hasta-granada-tenian-esto-tambien-es-monterrey\/","title":{"rendered":"Iban bien armados, hasta granada ten\u00edan; esto tambi\u00e9n es Monterrey"},"content":{"rendered":"\n<figure class=\"wp-block-gallery has-nested-images columns-default is-cropped wp-block-gallery-1 is-layout-flex wp-block-gallery-is-layout-flex\">\n<figure class=\"wp-block-image size-large\"><img loading=\"lazy\" decoding=\"async\" width=\"699\" height=\"699\" data-id=\"108768\" src=\"http:\/\/diariodigitalmx.com\/wp-content\/uploads\/2023\/11\/IMG_20231105_175116_608.webp\" alt=\"\" class=\"wp-image-108768\" srcset=\"https:\/\/diariodigitalmx.com\/wp-content\/uploads\/2023\/11\/IMG_20231105_175116_608.webp 699w, https:\/\/diariodigitalmx.com\/wp-content\/uploads\/2023\/11\/IMG_20231105_175116_608-300x300.webp 300w, https:\/\/diariodigitalmx.com\/wp-content\/uploads\/2023\/11\/IMG_20231105_175116_608-150x150.webp 150w\" sizes=\"(max-width: 699px) 100vw, 699px\" \/><\/figure>\n\n\n\n<figure class=\"wp-block-image size-large\"><img loading=\"lazy\" decoding=\"async\" width=\"719\" height=\"687\" data-id=\"108769\" src=\"http:\/\/diariodigitalmx.com\/wp-content\/uploads\/2023\/11\/IMG-20231105-WA0038.jpg\" alt=\"\" class=\"wp-image-108769\" srcset=\"https:\/\/diariodigitalmx.com\/wp-content\/uploads\/2023\/11\/IMG-20231105-WA0038.jpg 719w, https:\/\/diariodigitalmx.com\/wp-content\/uploads\/2023\/11\/IMG-20231105-WA0038-300x287.jpg 300w\" sizes=\"(max-width: 719px) 100vw, 719px\" \/><\/figure>\n<\/figure>\n\n\n\n<p>Dos hombres fueron detenidos por oficiales de la Polic\u00eda de Monterrey, luego de que presuntamente se les encontraran en una mochila tres armas de fuego, una granada y diversos cartuchos, cuando caminaban por la Alameda Mariano Escobedo.<br>La captura de Alexis Maximiliano S., de 27 a\u00f1os, originario de Tamaulipas y Greco Daniel G., de 18 a\u00f1os de edad, de Monterrey, se registr\u00f3 a las 09:50 horas, en Aramberri y Villag\u00f3mez, en el mencionado lugar de esparcimiento.<\/p>\n\n\n\n<figure class=\"wp-block-image size-full\"><img loading=\"lazy\" decoding=\"async\" width=\"757\" height=\"757\" src=\"http:\/\/diariodigitalmx.com\/wp-content\/uploads\/2023\/11\/IMG_20231105_175117_256.webp\" alt=\"\" class=\"wp-image-108771\" srcset=\"https:\/\/diariodigitalmx.com\/wp-content\/uploads\/2023\/11\/IMG_20231105_175117_256.webp 757w, https:\/\/diariodigitalmx.com\/wp-content\/uploads\/2023\/11\/IMG_20231105_175117_256-300x300.webp 300w, https:\/\/diariodigitalmx.com\/wp-content\/uploads\/2023\/11\/IMG_20231105_175117_256-150x150.webp 150w\" sizes=\"(max-width: 757px) 100vw, 757px\" \/><\/figure>\n\n\n\n<p>Elementos de la Polic\u00eda de Monterrey realizaban un operativo en la zona, cuando vieron en actitud sospechosa a los dos masculinos, quienes caminaban al interior de la Alameda.<br>Los oficiales les marcaron el alto para una inspecci\u00f3n, pero ambos pretend\u00edan huir, sin embargo, fueron detenidos.<\/p>\n\n\n\n<figure class=\"wp-block-image size-full\"><img loading=\"lazy\" decoding=\"async\" width=\"739\" height=\"739\" src=\"http:\/\/diariodigitalmx.com\/wp-content\/uploads\/2023\/11\/IMG_20231105_175117_197.webp\" alt=\"\" class=\"wp-image-108773\" srcset=\"https:\/\/diariodigitalmx.com\/wp-content\/uploads\/2023\/11\/IMG_20231105_175117_197.webp 739w, https:\/\/diariodigitalmx.com\/wp-content\/uploads\/2023\/11\/IMG_20231105_175117_197-300x300.webp 300w, https:\/\/diariodigitalmx.com\/wp-content\/uploads\/2023\/11\/IMG_20231105_175117_197-150x150.webp 150w\" sizes=\"(max-width: 739px) 100vw, 739px\" \/><\/figure>\n\n\n\n<p>Al realizarles una revisi\u00f3n, a uno de ellos se le encontr\u00f3 un arma de fuego en la cintura y al interior de la mochila, les encontraron otras dos pistolas, las tres calibre .9 mil\u00edmetros.<br>Adem\u00e1s, se les localizaron 55 cartuchos h\u00e1biles de calibre .9 y .380 mil\u00edmetros, once de 7.62 y dos casquillos de arma de fuego, as\u00ed como una granada de mano, por lo que se solicit\u00f3 el apoyo del Ej\u00e9rcito Mexicano.<br>Los dos hombres fueron trasladados a las instalaciones de la Polic\u00eda de Monterrey, donde quedaron a disposici\u00f3n de las autoridades federales.<\/p>\n","protected":false},"excerpt":{"rendered":"<p>Dos hombres fueron detenidos por oficiales de la Polic\u00eda de Monterrey, luego de que presuntamente se les encontraran en una mochila tres armas de fuego, una granada y diversos cartuchos, cuando caminaban por la Alameda Mariano Escobedo.La captura de Alexis Maximiliano S., de 27 a\u00f1os, originario de Tamaulipas y Greco Daniel G., de 18 a\u00f1os [&hellip;]<\/p>\n","protected":false},"author":1,"featured_media":108766,"comment_status":"open","ping_status":"open","sticky":true,"template":"","format":"standard","meta":{"footnotes":""},"categories":[14,7],"tags":[],"_links":{"self":[{"href":"https:\/\/diariodigitalmx.com\/index.php\/wp-json\/wp\/v2\/posts\/108764"}],"collection":[{"href":"https:\/\/diariodigitalmx.com\/index.php\/wp-json\/wp\/v2\/posts"}],"about":[{"href":"https:\/\/diariodigitalmx.com\/index.php\/wp-json\/wp\/v2\/types\/post"}],"author":[{"embeddable":true,"href":"https:\/\/diariodigitalmx.com\/index.php\/wp-json\/wp\/v2\/users\/1"}],"replies":[{"embeddable":true,"href":"https:\/\/diariodigitalmx.com\/index.php\/wp-json\/wp\/v2\/comments?post=108764"}],"version-history":[{"count":4,"href":"https:\/\/diariodigitalmx.com\/index.php\/wp-json\/wp\/v2\/posts\/108764\/revisions"}],"predecessor-version":[{"id":108775,"href":"https:\/\/diariodigitalmx.com\/index.php\/wp-json\/wp\/v2\/posts\/108764\/revisions\/108775"}],"wp:featuredmedia":[{"embeddable":true,"href":"https:\/\/diariodigitalmx.com\/index.php\/wp-json\/wp\/v2\/media\/108766"}],"wp:attachment":[{"href":"https:\/\/diariodigitalmx.com\/index.php\/wp-json\/wp\/v2\/media?parent=108764"}],"wp:term":[{"taxonomy":"category","embeddable":true,"href":"https:\/\/diariodigitalmx.com\/index.php\/wp-json\/wp\/v2\/categories?post=108764"},{"taxonomy":"post_tag","embeddable":true,"href":"https:\/\/diariodigitalmx.com\/index.php\/wp-json\/wp\/v2\/tags?post=108764"}],"curies":[{"name":"wp","href":"https:\/\/api.w.org\/{rel}","templated":true}]}}