{"id":108776,"date":"2023-11-05T20:11:14","date_gmt":"2023-11-06T02:11:14","guid":{"rendered":"http:\/\/diariodigitalmx.com\/?p=108776"},"modified":"2023-11-05T20:16:17","modified_gmt":"2023-11-06T02:16:17","slug":"hacen-temblar-el-obispado-4735-vaqueros-de-prepa-2","status":"publish","type":"post","link":"https:\/\/diariodigitalmx.com\/index.php\/2023\/11\/05\/hacen-temblar-el-obispado-4735-vaqueros-de-prepa-2\/","title":{"rendered":"Hacen temblar el Obispado 4,735 Vaqueros de Prepa 2"},"content":{"rendered":"\n<figure class=\"wp-block-image size-large\"><img loading=\"lazy\" decoding=\"async\" width=\"1024\" height=\"602\" src=\"http:\/\/diariodigitalmx.com\/wp-content\/uploads\/2023\/11\/Jose-Juan-Garcia-1er-lugar-varonil-1024x602.jpg\" alt=\"\" class=\"wp-image-108780\" srcset=\"https:\/\/diariodigitalmx.com\/wp-content\/uploads\/2023\/11\/Jose-Juan-Garcia-1er-lugar-varonil-1024x602.jpg 1024w, https:\/\/diariodigitalmx.com\/wp-content\/uploads\/2023\/11\/Jose-Juan-Garcia-1er-lugar-varonil-300x176.jpg 300w, https:\/\/diariodigitalmx.com\/wp-content\/uploads\/2023\/11\/Jose-Juan-Garcia-1er-lugar-varonil-768x451.jpg 768w, https:\/\/diariodigitalmx.com\/wp-content\/uploads\/2023\/11\/Jose-Juan-Garcia-1er-lugar-varonil-1536x903.jpg 1536w, https:\/\/diariodigitalmx.com\/wp-content\/uploads\/2023\/11\/Jose-Juan-Garcia-1er-lugar-varonil.jpg 1838w\" sizes=\"(max-width: 1024px) 100vw, 1024px\" \/><\/figure>\n\n\n\n<p>Por: Ra\u00fal Guevara Ortiz.- Imponiendo su jerarqu\u00eda a m\u00e1s de 4, 735 participantes, los estudiantes Jos\u00e9 Juan Garc\u00eda Salinas y \u00c1ngela Roberta Navarro Jim\u00e9nez, con tiempos de 11: 26y 13:45 respectivamente conquistaron la edici\u00f3n n\u00famero 44 del tradicional Trote Vaquero organizado por la Preparatoria N\u00b0 2 de la Universidad Aut\u00f3noma de Nuevo le\u00f3n.<\/p>\n\n\n\n<p>Los cientos de estudiantes, maestros, exalumnos y padres de familia en punto de las 7:30 de la ma\u00f1ana iniciaron su recorrido por la corona del Cerro del Obispado.<\/p>\n\n\n\n<figure class=\"wp-block-image size-large\"><img loading=\"lazy\" decoding=\"async\" width=\"1024\" height=\"683\" src=\"http:\/\/diariodigitalmx.com\/wp-content\/uploads\/2023\/11\/GANADORES-RAMA-VARONIL-1024x683.jpg\" alt=\"\" class=\"wp-image-108782\" srcset=\"https:\/\/diariodigitalmx.com\/wp-content\/uploads\/2023\/11\/GANADORES-RAMA-VARONIL-1024x683.jpg 1024w, https:\/\/diariodigitalmx.com\/wp-content\/uploads\/2023\/11\/GANADORES-RAMA-VARONIL-300x200.jpg 300w, https:\/\/diariodigitalmx.com\/wp-content\/uploads\/2023\/11\/GANADORES-RAMA-VARONIL-768x512.jpg 768w, https:\/\/diariodigitalmx.com\/wp-content\/uploads\/2023\/11\/GANADORES-RAMA-VARONIL-1536x1024.jpg 1536w, https:\/\/diariodigitalmx.com\/wp-content\/uploads\/2023\/11\/GANADORES-RAMA-VARONIL-2048x1365.jpg 2048w\" sizes=\"(max-width: 1024px) 100vw, 1024px\" \/><\/figure>\n\n\n\n<p>Luego del agudo sonar de la \u201cchicharra\u201d impulsado por el ex vaquero Jaime Castillo Elizondo, secretario acad\u00e9mico de la UANL, acompa\u00f1ado de la Maestra Sandra Del R\u00edo, directora del Nivel Medio Superior de la M\u00e1xima Casa de Estudios y del MES, Oscar Cort\u00e9s Torres director de Preparatoria N\u00b0 2, los cientos de estudiantes iniciaron su recorrido por el circuito de 3.5 kil\u00f3metros.<\/p>\n\n\n\n<p>Tomando parte del grupo puntero desde el comienzo, rezagado en algunos momentos en la tercera y cuarta posici\u00f3n, Jos\u00e9 Juan Garc\u00eda, disput\u00f3 palmo a palmo con Jes\u00fas Daniel Salazar Cerda los \u00faltimos 100 metros de la carrera, para en un final de fotograf\u00eda imponerse solo por un paso y conquistar el primer lugar de la tradicional carrera, con un tiempo final de 11:26 y 11:27 respectivamente dejando en el tercer lugar a Rodrigo Abel Guti\u00e9rrez Padilla con su marca de 11:41.<\/p>\n\n\n\n<figure class=\"wp-block-image size-large\"><img loading=\"lazy\" decoding=\"async\" width=\"1024\" height=\"683\" src=\"http:\/\/diariodigitalmx.com\/wp-content\/uploads\/2023\/11\/ANGELA-ROBERTA-NAVARRO-1ER-LUGAR-FEMENIL-1024x683.jpg\" alt=\"\" class=\"wp-image-108785\" srcset=\"https:\/\/diariodigitalmx.com\/wp-content\/uploads\/2023\/11\/ANGELA-ROBERTA-NAVARRO-1ER-LUGAR-FEMENIL-1024x683.jpg 1024w, https:\/\/diariodigitalmx.com\/wp-content\/uploads\/2023\/11\/ANGELA-ROBERTA-NAVARRO-1ER-LUGAR-FEMENIL-300x200.jpg 300w, https:\/\/diariodigitalmx.com\/wp-content\/uploads\/2023\/11\/ANGELA-ROBERTA-NAVARRO-1ER-LUGAR-FEMENIL-768x512.jpg 768w, https:\/\/diariodigitalmx.com\/wp-content\/uploads\/2023\/11\/ANGELA-ROBERTA-NAVARRO-1ER-LUGAR-FEMENIL-1536x1024.jpg 1536w, https:\/\/diariodigitalmx.com\/wp-content\/uploads\/2023\/11\/ANGELA-ROBERTA-NAVARRO-1ER-LUGAR-FEMENIL-2048x1365.jpg 2048w\" sizes=\"(max-width: 1024px) 100vw, 1024px\" \/><\/figure>\n\n\n\n<p>Por su parte en la rama femenil \u00c1ngela Roberta Navarro Jim\u00e9nez, con tiempo de 13:45 se adjudic\u00f3 el primer lugar, luego de superar en su recorrido a sus m\u00e1s cercanas competidoras Mar\u00eda Fernanda Cortines Esparza (14:39) y Karyme Monserrath D\u00edaz Meras (14:45).<\/p>\n\n\n\n<p>Durante el evento se cont\u00f3 con una asistencia nunca antes vista de padres de familia y exalumnos donde Gloria Oliva Palomo con tiempo de 22:26 se llev\u00f3 el primer sitio de la rama femenil, superando a Diana Garc\u00eda Rangel (26:41) y a Mar\u00eda De los \u00c1ngeles Salinas (26 57).<\/p>\n\n\n\n<figure class=\"wp-block-image size-large\"><img loading=\"lazy\" decoding=\"async\" width=\"1024\" height=\"683\" src=\"http:\/\/diariodigitalmx.com\/wp-content\/uploads\/2023\/11\/APOYO-3-1024x683.jpg\" alt=\"\" class=\"wp-image-108788\" srcset=\"https:\/\/diariodigitalmx.com\/wp-content\/uploads\/2023\/11\/APOYO-3-1024x683.jpg 1024w, https:\/\/diariodigitalmx.com\/wp-content\/uploads\/2023\/11\/APOYO-3-300x200.jpg 300w, https:\/\/diariodigitalmx.com\/wp-content\/uploads\/2023\/11\/APOYO-3-768x512.jpg 768w, https:\/\/diariodigitalmx.com\/wp-content\/uploads\/2023\/11\/APOYO-3-1536x1024.jpg 1536w, https:\/\/diariodigitalmx.com\/wp-content\/uploads\/2023\/11\/APOYO-3-2048x1365.jpg 2048w\" sizes=\"(max-width: 1024px) 100vw, 1024px\" \/><\/figure>\n\n\n\n<p>Mientras que en la rama varonil Marcos Castillo Ju\u00e1rez con tiempo de 16:57 se llev\u00f3 de punta a punta el primer lugar de padres de familia y ex alumnos, dejando a tras Diego Armando Parda Cruz (17:29) y a Daniel Benavides (19:54).<\/p>\n\n\n\n<p>Dentro de la categor\u00eda de Maestros y Personal No Docente, Leslie Sugey Garc\u00eda Mart\u00ednez del Departamento de Difusi\u00f3n Cultural, arrib\u00f3 a la meta en el primer sitio, seguida por la Maestra Elisa De San Juan L\u00f3pez Valtier y de Ivette Valdez Garc\u00eda.<\/p>\n\n\n\n<p>Correspondi\u00f3 a Said Reyes Torres, colocarse en el sitio de honor de la rama varonil dentro de esta categor\u00eda, imponi\u00e9ndose a Juan Pablo Perales y Eder Alejandro Rojas Valero.<\/p>\n\n\n\n<p>\u201cHoy hemos vivido una fiesta deportiva \u2013 escolar sin precedentes por el gran n\u00famero de estudiantes participantes tanto de la Preparatoria N\u00b0 2 y del CIDEB Obispado, aunado tambi\u00e9n a un n\u00famero considerable de padres de familia y exalumnos, a quienes nos ha dado mucho gusto recibir dentro de este evento que cada d\u00eda crece mucho m\u00e1s y para la 45\u00aa. Edici\u00f3n en el 2024, estar\u00e1 lleno de muchas sorpresas\u201d, coment\u00f3 Oscar Cort\u00e9s Torres director de la instituci\u00f3n universitaria.<\/p>\n","protected":false},"excerpt":{"rendered":"<p>Por: Ra\u00fal Guevara Ortiz.- Imponiendo su jerarqu\u00eda a m\u00e1s de 4, 735 participantes, los estudiantes Jos\u00e9 Juan Garc\u00eda Salinas y \u00c1ngela Roberta Navarro Jim\u00e9nez, con tiempos de 11: 26y 13:45 respectivamente conquistaron la edici\u00f3n n\u00famero 44 del tradicional Trote Vaquero organizado por la Preparatoria N\u00b0 2 de la Universidad Aut\u00f3noma de Nuevo le\u00f3n. Los cientos [&hellip;]<\/p>\n","protected":false},"author":1,"featured_media":108778,"comment_status":"open","ping_status":"open","sticky":true,"template":"","format":"standard","meta":{"footnotes":""},"categories":[8,14],"tags":[],"_links":{"self":[{"href":"https:\/\/diariodigitalmx.com\/index.php\/wp-json\/wp\/v2\/posts\/108776"}],"collection":[{"href":"https:\/\/diariodigitalmx.com\/index.php\/wp-json\/wp\/v2\/posts"}],"about":[{"href":"https:\/\/diariodigitalmx.com\/index.php\/wp-json\/wp\/v2\/types\/post"}],"author":[{"embeddable":true,"href":"https:\/\/diariodigitalmx.com\/index.php\/wp-json\/wp\/v2\/users\/1"}],"replies":[{"embeddable":true,"href":"https:\/\/diariodigitalmx.com\/index.php\/wp-json\/wp\/v2\/comments?post=108776"}],"version-history":[{"count":5,"href":"https:\/\/diariodigitalmx.com\/index.php\/wp-json\/wp\/v2\/posts\/108776\/revisions"}],"predecessor-version":[{"id":108790,"href":"https:\/\/diariodigitalmx.com\/index.php\/wp-json\/wp\/v2\/posts\/108776\/revisions\/108790"}],"wp:featuredmedia":[{"embeddable":true,"href":"https:\/\/diariodigitalmx.com\/index.php\/wp-json\/wp\/v2\/media\/108778"}],"wp:attachment":[{"href":"https:\/\/diariodigitalmx.com\/index.php\/wp-json\/wp\/v2\/media?parent=108776"}],"wp:term":[{"taxonomy":"category","embeddable":true,"href":"https:\/\/diariodigitalmx.com\/index.php\/wp-json\/wp\/v2\/categories?post=108776"},{"taxonomy":"post_tag","embeddable":true,"href":"https:\/\/diariodigitalmx.com\/index.php\/wp-json\/wp\/v2\/tags?post=108776"}],"curies":[{"name":"wp","href":"https:\/\/api.w.org\/{rel}","templated":true}]}}