{"id":10878,"date":"2019-08-28T13:56:09","date_gmt":"2019-08-28T18:56:09","guid":{"rendered":"http:\/\/diariodigitalmx.com\/?p=10878"},"modified":"2019-08-28T13:56:36","modified_gmt":"2019-08-28T18:56:36","slug":"anuncian-baja-de-comisiones-en-afores","status":"publish","type":"post","link":"https:\/\/diariodigitalmx.com\/index.php\/2019\/08\/28\/anuncian-baja-de-comisiones-en-afores\/","title":{"rendered":"Anuncian baja de comisiones en Afores"},"content":{"rendered":"\n<p>El gobierno federal dio a conocer que se logr\u00f3 un acuerdo con las administradoras de las Afores, a fin de que disminuyan de forma paulatina las cuotas de ahorro, hasta llegar a est\u00e1ndares internacionales, lo que permitir\u00e1 un aumento de las pensiones de los trabajadores.<\/p>\n\n\n\n<p>En conferencia de prensa matutina, el presidente Andr\u00e9s Manuel L\u00f3pez Obrador destac\u00f3 que \u201cquienes administran las afores est\u00e1n dispuestos a ir en ese camino\u201d, de forma voluntaria, \u201ctenemos que buscar ir hacia adelante, sin afectar a los trabajadores\u201d, coment\u00f3.<\/p>\n\n\n\n<p>El mandatario federal asever\u00f3 que los ahorros de los trabajadores est\u00e1n seguros y lo que se busca es que reciban pensiones justas, \u201cel tiempo que estemos aqu\u00ed vamos a tener aseguradas sus pensiones no hay nada que temer, esas pensiones, esos ahorros son sagrados y los respalda el gobierno de la Rep\u00fablica\u201d.<\/p>\n\n\n\n<p>En tanto que el titular de la Secretar\u00eda de Hacienda, Arturo Herrera, indic\u00f3 que aproximadamente 100 mil millones de pesos pasar\u00e1n de ser comisiones a las cuentas de trabajadores, lo que garantizar\u00e1 que tengan recursos suficientes en su retiro.<\/p>\n","protected":false},"excerpt":{"rendered":"<p>El gobierno federal dio a conocer que se logr\u00f3 un acuerdo con las administradoras de las Afores, a fin de que disminuyan de forma paulatina las cuotas de ahorro, hasta llegar a est\u00e1ndares internacionales, lo que permitir\u00e1 un aumento de las pensiones de los trabajadores. En conferencia de prensa matutina, el presidente Andr\u00e9s Manuel L\u00f3pez [&hellip;]<\/p>\n","protected":false},"author":1,"featured_media":10880,"comment_status":"open","ping_status":"open","sticky":true,"template":"","format":"standard","meta":{"footnotes":""},"categories":[10],"tags":[],"_links":{"self":[{"href":"https:\/\/diariodigitalmx.com\/index.php\/wp-json\/wp\/v2\/posts\/10878"}],"collection":[{"href":"https:\/\/diariodigitalmx.com\/index.php\/wp-json\/wp\/v2\/posts"}],"about":[{"href":"https:\/\/diariodigitalmx.com\/index.php\/wp-json\/wp\/v2\/types\/post"}],"author":[{"embeddable":true,"href":"https:\/\/diariodigitalmx.com\/index.php\/wp-json\/wp\/v2\/users\/1"}],"replies":[{"embeddable":true,"href":"https:\/\/diariodigitalmx.com\/index.php\/wp-json\/wp\/v2\/comments?post=10878"}],"version-history":[{"count":1,"href":"https:\/\/diariodigitalmx.com\/index.php\/wp-json\/wp\/v2\/posts\/10878\/revisions"}],"predecessor-version":[{"id":10879,"href":"https:\/\/diariodigitalmx.com\/index.php\/wp-json\/wp\/v2\/posts\/10878\/revisions\/10879"}],"wp:featuredmedia":[{"embeddable":true,"href":"https:\/\/diariodigitalmx.com\/index.php\/wp-json\/wp\/v2\/media\/10880"}],"wp:attachment":[{"href":"https:\/\/diariodigitalmx.com\/index.php\/wp-json\/wp\/v2\/media?parent=10878"}],"wp:term":[{"taxonomy":"category","embeddable":true,"href":"https:\/\/diariodigitalmx.com\/index.php\/wp-json\/wp\/v2\/categories?post=10878"},{"taxonomy":"post_tag","embeddable":true,"href":"https:\/\/diariodigitalmx.com\/index.php\/wp-json\/wp\/v2\/tags?post=10878"}],"curies":[{"name":"wp","href":"https:\/\/api.w.org\/{rel}","templated":true}]}}