{"id":108807,"date":"2023-11-06T09:56:20","date_gmt":"2023-11-06T15:56:20","guid":{"rendered":"http:\/\/diariodigitalmx.com\/?p=108807"},"modified":"2023-11-06T10:01:58","modified_gmt":"2023-11-06T16:01:58","slug":"tiene-clausura-espectacular-santa-lucia-2023","status":"publish","type":"post","link":"https:\/\/diariodigitalmx.com\/index.php\/2023\/11\/06\/tiene-clausura-espectacular-santa-lucia-2023\/","title":{"rendered":"Tiene clausura espectacular Santa Luc\u00eda 2023"},"content":{"rendered":"\n<figure class=\"wp-block-image size-large\"><img loading=\"lazy\" decoding=\"async\" width=\"1024\" height=\"766\" src=\"http:\/\/diariodigitalmx.com\/wp-content\/uploads\/2023\/11\/Archivo_061-1024x766.png\" alt=\"\" class=\"wp-image-108811\" srcset=\"https:\/\/diariodigitalmx.com\/wp-content\/uploads\/2023\/11\/Archivo_061-1024x766.png 1024w, https:\/\/diariodigitalmx.com\/wp-content\/uploads\/2023\/11\/Archivo_061-300x225.png 300w, https:\/\/diariodigitalmx.com\/wp-content\/uploads\/2023\/11\/Archivo_061-768x575.png 768w, https:\/\/diariodigitalmx.com\/wp-content\/uploads\/2023\/11\/Archivo_061.png 1280w\" sizes=\"(max-width: 1024px) 100vw, 1024px\" \/><\/figure>\n\n\n\n<p>El Festival Internacional de Santa Luc\u00eda cerr\u00f3 su agenda 2023 con un espect\u00e1culo a\u00e9reo creado especialmente para Monterrey y Nuevo Le\u00f3n: Lithos.<br>La exitosa presentaci\u00f3n marc\u00f3 el cierre de una plural propuesta art\u00edstica que desde finales de septiembre ha estado presente en la zona metropolitana de Monterrey y diversos municipios de Nuevo Le\u00f3n.<\/p>\n\n\n\n<figure class=\"wp-block-image size-large\"><img loading=\"lazy\" decoding=\"async\" width=\"683\" height=\"1024\" src=\"http:\/\/diariodigitalmx.com\/wp-content\/uploads\/2023\/11\/IMG_9467-683x1024.jpg\" alt=\"\" class=\"wp-image-108813\" srcset=\"https:\/\/diariodigitalmx.com\/wp-content\/uploads\/2023\/11\/IMG_9467-683x1024.jpg 683w, https:\/\/diariodigitalmx.com\/wp-content\/uploads\/2023\/11\/IMG_9467-200x300.jpg 200w, https:\/\/diariodigitalmx.com\/wp-content\/uploads\/2023\/11\/IMG_9467-768x1152.jpg 768w, https:\/\/diariodigitalmx.com\/wp-content\/uploads\/2023\/11\/IMG_9467-1024x1536.jpg 1024w, https:\/\/diariodigitalmx.com\/wp-content\/uploads\/2023\/11\/IMG_9467-1366x2048.jpg 1366w, https:\/\/diariodigitalmx.com\/wp-content\/uploads\/2023\/11\/IMG_9467-scaled.jpg 1707w\" sizes=\"(max-width: 683px) 100vw, 683px\" \/><\/figure>\n\n\n\n<p>Javier Navarro, secretario de Gobierno que acudi\u00f3 a la clausura, reconoci\u00f3 la trayectoria de Lorenia Canavati von Borstel, presidenta del FISL, quien cierra su ciclo en el evento cultural para proseguir su vocaci\u00f3n de servicio p\u00fablico como candidata a un puesto de elecci\u00f3n popular.<br>\u201cGracias, Javier, por tus palabras, muy contenta y bendecida por estos seis a\u00f1os que me toc\u00f3 vivir al frente del FISL. \u00a1Esta alegr\u00eda no ser\u00eda nada sin el gran equipo del Festival!\u201d, manifest\u00f3 emocionada la Presidenta del Patronato, mientras le agradec\u00eda a las diferentes \u00e1reas que intervienen para el \u00e9xito del evento, que este 2023 lleg\u00f3 a su edici\u00f3n n\u00famero 16.<\/p>\n\n\n\n<figure class=\"wp-block-image size-large\"><img loading=\"lazy\" decoding=\"async\" width=\"681\" height=\"1024\" src=\"http:\/\/diariodigitalmx.com\/wp-content\/uploads\/2023\/11\/IMG_9425-681x1024.jpg\" alt=\"\" class=\"wp-image-108816\" srcset=\"https:\/\/diariodigitalmx.com\/wp-content\/uploads\/2023\/11\/IMG_9425-681x1024.jpg 681w, https:\/\/diariodigitalmx.com\/wp-content\/uploads\/2023\/11\/IMG_9425-200x300.jpg 200w, https:\/\/diariodigitalmx.com\/wp-content\/uploads\/2023\/11\/IMG_9425-768x1154.jpg 768w, https:\/\/diariodigitalmx.com\/wp-content\/uploads\/2023\/11\/IMG_9425-1022x1536.jpg 1022w, https:\/\/diariodigitalmx.com\/wp-content\/uploads\/2023\/11\/IMG_9425-1363x2048.jpg 1363w, https:\/\/diariodigitalmx.com\/wp-content\/uploads\/2023\/11\/IMG_9425-scaled.jpg 1703w\" sizes=\"(max-width: 681px) 100vw, 681px\" \/><\/figure>\n\n\n\n<p>Canavati agradeci\u00f3 el respaldo del gobierno para la edici\u00f3n actual del Festival as\u00ed como a toda la infraestructura cultural del estado y los municipios que hicieron posible la itinerancia de los espect\u00e1culos y cumplir la misi\u00f3n de sacar el arte a las calles, como indica el principio que rige al FISL.<\/p>\n\n\n\n<figure class=\"wp-block-image size-large\"><img loading=\"lazy\" decoding=\"async\" width=\"1024\" height=\"681\" src=\"http:\/\/diariodigitalmx.com\/wp-content\/uploads\/2023\/11\/IMG_9468-1024x681.jpg\" alt=\"\" class=\"wp-image-108819\" srcset=\"https:\/\/diariodigitalmx.com\/wp-content\/uploads\/2023\/11\/IMG_9468-1024x681.jpg 1024w, https:\/\/diariodigitalmx.com\/wp-content\/uploads\/2023\/11\/IMG_9468-300x200.jpg 300w, https:\/\/diariodigitalmx.com\/wp-content\/uploads\/2023\/11\/IMG_9468-768x511.jpg 768w, https:\/\/diariodigitalmx.com\/wp-content\/uploads\/2023\/11\/IMG_9468-1536x1022.jpg 1536w, https:\/\/diariodigitalmx.com\/wp-content\/uploads\/2023\/11\/IMG_9468-2048x1363.jpg 2048w\" sizes=\"(max-width: 1024px) 100vw, 1024px\" \/><\/figure>\n\n\n\n<p>Posteriormente, la fundadora y ex Presidenta del Festival, Liliana Melo de Sada, tom\u00f3 la palabra para decirle \u201cquiero darte las gracias, Lorenia, por estos maravillosos seis a\u00f1os porque lo has llevado magistralmente. El Festival parece que es f\u00e1cil pero es todo el a\u00f1o; todo el a\u00f1o hay que estar trabajando para lograr estos d\u00edas de Festival. Esta edici\u00f3n tuvieron 26 pa\u00edses. El Gobierno del Estado, junto con la Secretar\u00eda de Cultura, la de Inclusi\u00f3n y todas las dependencias han hecho posible que el arte siga llegando a las calles\u201d.<br>\u201c\u00a1Lorenia, muchas felicidades y muchas gracias por estos seis a\u00f1os!\u201d, fueron las palabras con las que se despidi\u00f3 Melo de Sada.<\/p>\n\n\n\n<figure class=\"wp-block-image size-large\"><img loading=\"lazy\" decoding=\"async\" width=\"1024\" height=\"681\" src=\"http:\/\/diariodigitalmx.com\/wp-content\/uploads\/2023\/11\/IMG_9447-1024x681.jpg\" alt=\"\" class=\"wp-image-108822\" srcset=\"https:\/\/diariodigitalmx.com\/wp-content\/uploads\/2023\/11\/IMG_9447-1024x681.jpg 1024w, https:\/\/diariodigitalmx.com\/wp-content\/uploads\/2023\/11\/IMG_9447-300x200.jpg 300w, https:\/\/diariodigitalmx.com\/wp-content\/uploads\/2023\/11\/IMG_9447-768x511.jpg 768w, https:\/\/diariodigitalmx.com\/wp-content\/uploads\/2023\/11\/IMG_9447-1536x1022.jpg 1536w, https:\/\/diariodigitalmx.com\/wp-content\/uploads\/2023\/11\/IMG_9447-2048x1363.jpg 2048w\" sizes=\"(max-width: 1024px) 100vw, 1024px\" \/><\/figure>\n\n\n\n<p>\u201cPara nosotros es muy importante apostar por la cultura, por el arte, por el teatro, por la m\u00fasica y por esta combinaci\u00f3n de elementos que nosotros ponemos en escena\u201d, fueron las palabras del creador de Lithos, Gast\u00f3n Iungman, para condensar el esp\u00edritu que atraviesa las intenciones de Voal\u00e1 Project, compa\u00f1\u00eda de espect\u00e1culos a\u00e9reos establecida en Espa\u00f1a, que trajo una propuesta que pretende dar un paso adelante en las posibilidades de la puesta en escena al integrar la tecnolog\u00eda en su repertorio de recursos.<\/p>\n\n\n\n<figure class=\"wp-block-image size-large\"><img loading=\"lazy\" decoding=\"async\" width=\"1024\" height=\"681\" src=\"http:\/\/diariodigitalmx.com\/wp-content\/uploads\/2023\/11\/IMG_9427-1024x681.jpg\" alt=\"\" class=\"wp-image-108824\" srcset=\"https:\/\/diariodigitalmx.com\/wp-content\/uploads\/2023\/11\/IMG_9427-1024x681.jpg 1024w, https:\/\/diariodigitalmx.com\/wp-content\/uploads\/2023\/11\/IMG_9427-300x200.jpg 300w, https:\/\/diariodigitalmx.com\/wp-content\/uploads\/2023\/11\/IMG_9427-768x511.jpg 768w, https:\/\/diariodigitalmx.com\/wp-content\/uploads\/2023\/11\/IMG_9427-1536x1022.jpg 1536w, https:\/\/diariodigitalmx.com\/wp-content\/uploads\/2023\/11\/IMG_9427-2048x1363.jpg 2048w\" sizes=\"(max-width: 1024px) 100vw, 1024px\" \/><\/figure>\n\n\n\n<p>A lo largo del espect\u00e1culo que se present\u00f3 por segunda noche consecutiva en la Explanada de los H\u00e9roes, que luc\u00eda repleta de asistentes, el tono musical lo puso la cantante Delli Dellanoise, acompa\u00f1ada de sus m\u00fasicos que aportaron ritmo, calidez, pasi\u00f3n e intensas vibras a lo largo de cada una de las piezas, que iban desde tonos reflexivos hasta grandes cadencias bailables, seg\u00fan el gui\u00f3n del espect\u00e1culo creado especialmente para el FISL.<\/p>\n","protected":false},"excerpt":{"rendered":"<p>El Festival Internacional de Santa Luc\u00eda cerr\u00f3 su agenda 2023 con un espect\u00e1culo a\u00e9reo creado especialmente para Monterrey y Nuevo Le\u00f3n: Lithos.La exitosa presentaci\u00f3n marc\u00f3 el cierre de una plural propuesta art\u00edstica que desde finales de septiembre ha estado presente en la zona metropolitana de Monterrey y diversos municipios de Nuevo Le\u00f3n. Javier Navarro, secretario [&hellip;]<\/p>\n","protected":false},"author":1,"featured_media":108809,"comment_status":"open","ping_status":"open","sticky":true,"template":"","format":"standard","meta":{"footnotes":""},"categories":[11,3],"tags":[],"_links":{"self":[{"href":"https:\/\/diariodigitalmx.com\/index.php\/wp-json\/wp\/v2\/posts\/108807"}],"collection":[{"href":"https:\/\/diariodigitalmx.com\/index.php\/wp-json\/wp\/v2\/posts"}],"about":[{"href":"https:\/\/diariodigitalmx.com\/index.php\/wp-json\/wp\/v2\/types\/post"}],"author":[{"embeddable":true,"href":"https:\/\/diariodigitalmx.com\/index.php\/wp-json\/wp\/v2\/users\/1"}],"replies":[{"embeddable":true,"href":"https:\/\/diariodigitalmx.com\/index.php\/wp-json\/wp\/v2\/comments?post=108807"}],"version-history":[{"count":6,"href":"https:\/\/diariodigitalmx.com\/index.php\/wp-json\/wp\/v2\/posts\/108807\/revisions"}],"predecessor-version":[{"id":108825,"href":"https:\/\/diariodigitalmx.com\/index.php\/wp-json\/wp\/v2\/posts\/108807\/revisions\/108825"}],"wp:featuredmedia":[{"embeddable":true,"href":"https:\/\/diariodigitalmx.com\/index.php\/wp-json\/wp\/v2\/media\/108809"}],"wp:attachment":[{"href":"https:\/\/diariodigitalmx.com\/index.php\/wp-json\/wp\/v2\/media?parent=108807"}],"wp:term":[{"taxonomy":"category","embeddable":true,"href":"https:\/\/diariodigitalmx.com\/index.php\/wp-json\/wp\/v2\/categories?post=108807"},{"taxonomy":"post_tag","embeddable":true,"href":"https:\/\/diariodigitalmx.com\/index.php\/wp-json\/wp\/v2\/tags?post=108807"}],"curies":[{"name":"wp","href":"https:\/\/api.w.org\/{rel}","templated":true}]}}