{"id":108829,"date":"2023-11-06T11:50:38","date_gmt":"2023-11-06T17:50:38","guid":{"rendered":"http:\/\/diariodigitalmx.com\/?p=108829"},"modified":"2023-11-06T11:53:40","modified_gmt":"2023-11-06T17:53:40","slug":"libros-de-la-semana-6","status":"publish","type":"post","link":"https:\/\/diariodigitalmx.com\/index.php\/2023\/11\/06\/libros-de-la-semana-6\/","title":{"rendered":"Libros de la semana"},"content":{"rendered":"\n<p><br>Gerson G\u00f3mez Salas<\/p>\n\n\n\n<p>Hacia El Horizonte de Elisabet Almegard<\/p>\n\n\n\n<p>El continente americano, desde la llegada de Col\u00f3n, ha tenido decenas de migraciones que lo han reconfigurado. Entre tantas historias, el tr\u00e1nsito de la comunidad sueca a los Estados Unidos posee una fuerza interesante de conocer y narrar. Se trata de una sociedad que aport\u00f3 en gran medida al desarrollo de la identidad estadounidense que hoy conocemos todos. En est\u00e1s p\u00e1ginas, Elisabet Almergard nos comparte la historia de dos primas: Thamar y Gerda. Desde ambas \u00f3pticas el lector acceder\u00e1 a los relatos que nos permiten vislumbrar la experiencia del migrante durante los siglos XIX y XX, as\u00ed como de quienes decidieron quedarse en Suecia y no partir en b\u00fasqueda de aventura y fortuna, sino transformar el viejo continente. Aunado a ellas, un tri\u00e1ngulo amoroso con Ivar, compa\u00f1ero de infancia de las protagonistas, nos muestra que los giros de la vida son siempre inesperados.<\/p>\n\n\n\n<figure class=\"wp-block-image size-full\"><img loading=\"lazy\" decoding=\"async\" width=\"520\" height=\"743\" src=\"http:\/\/diariodigitalmx.com\/wp-content\/uploads\/2023\/11\/978607889218.jpg\" alt=\"\" class=\"wp-image-108834\" srcset=\"https:\/\/diariodigitalmx.com\/wp-content\/uploads\/2023\/11\/978607889218.jpg 520w, https:\/\/diariodigitalmx.com\/wp-content\/uploads\/2023\/11\/978607889218-210x300.jpg 210w\" sizes=\"(max-width: 520px) 100vw, 520px\" \/><\/figure>\n\n\n\n<p>El Fil\u00f3sofo Que Quer\u00eda Vivir En Polanco de Alejandro Rodr\u00edguez Santiba\u00f1ez,<\/p>\n\n\n\n<p>Agapo Buend\u00eda, cansado de lo cotidiano en su ciudad natal, se adentra a buscar respuesta tras un divorcio que lo ha marcado. El personaje, intrigado por encontrar soluciones, viaja a la Ciudad de M\u00e9xico para calmar un vac\u00edo existencial con la compa\u00f1\u00eda de su amante, una mujer de posici\u00f3n acomodada, recientemente mudada a una c\u00f3moda suite en un vecindario de clase alta. A la vez, tendr\u00e1 visitas de un afamado escritor, quien, a manera de alucinaci\u00f3n o como una presencia fant\u00e1stica, lo cobija como un disc\u00edpulo cansado del mundo. Alejandro Rodr\u00edguez Santib\u00e1\u00f1ez conforma un imaginario donde, claramente, y con toques ir\u00f3nicos, su protagonista busca entender lo inentendible. Sin embargo, demuestra que el comprarse un discurso uno mismo,es muy f\u00e1cil venderlo a otros \u00e1vidos de orientaci\u00f3n. Encarnado en el Fil\u00f3sofo del Amor, Buend\u00eda confirma que, en efecto, desde un principio y a modo de m\u00e1xima aristot\u00e9lica; sabe que no sabe nada.<\/p>\n\n\n\n<figure class=\"wp-block-image size-large\"><img loading=\"lazy\" decoding=\"async\" width=\"716\" height=\"1024\" src=\"http:\/\/diariodigitalmx.com\/wp-content\/uploads\/2023\/11\/978607889220-1-716x1024.jpg\" alt=\"\" class=\"wp-image-108836\" srcset=\"https:\/\/diariodigitalmx.com\/wp-content\/uploads\/2023\/11\/978607889220-1-716x1024.jpg 716w, https:\/\/diariodigitalmx.com\/wp-content\/uploads\/2023\/11\/978607889220-1-210x300.jpg 210w, https:\/\/diariodigitalmx.com\/wp-content\/uploads\/2023\/11\/978607889220-1-768x1098.jpg 768w, https:\/\/diariodigitalmx.com\/wp-content\/uploads\/2023\/11\/978607889220-1.jpg 810w\" sizes=\"(max-width: 716px) 100vw, 716px\" \/><\/figure>\n\n\n\n<p>Nadie Duerme En El Mundo de Alejandro Paniagua Anguiano<\/p>\n\n\n\n<p>Complejo retrato de las relaciones de pareja, la paternidad, y, sobre todo, el terrible peso que la enfermedad impone al que la padece y a los que lo rodean. Narrada en cap\u00edtulos breves y contundentes por el protagonista, velador en una bodega de escaleras, la novela nos narra las vidas \u00edntimas, en el sentido m\u00e1s estricto, de sus personajes: el de la privacidad de sus pensamientos. Andino, su pareja, vive las secuelas de un mal, cuya existencia destroza a la pareja y a la familia. Esto lleva al protagonista a refugiarse en su mundo interno y a tomar decisiones que s\u00f3lo la desesperaci\u00f3n y el amor pueden explicar, en sus palabras: Yo soy como una linterna, justo as\u00ed me siento ahora. Pero soy una linterna inversa: aquello donde se posa mi vista se vuelve m\u00e1s oscuro, m\u00e1s intrincado, m\u00e1s sombr\u00edo.<\/p>\n\n\n\n<figure class=\"wp-block-image size-large is-resized\"><img loading=\"lazy\" decoding=\"async\" src=\"http:\/\/diariodigitalmx.com\/wp-content\/uploads\/2023\/11\/978607889210-716x1024.jpg\" alt=\"\" class=\"wp-image-108838\" width=\"381\" height=\"544\" srcset=\"https:\/\/diariodigitalmx.com\/wp-content\/uploads\/2023\/11\/978607889210-716x1024.jpg 716w, https:\/\/diariodigitalmx.com\/wp-content\/uploads\/2023\/11\/978607889210-210x300.jpg 210w, https:\/\/diariodigitalmx.com\/wp-content\/uploads\/2023\/11\/978607889210-768x1098.jpg 768w, https:\/\/diariodigitalmx.com\/wp-content\/uploads\/2023\/11\/978607889210.jpg 810w\" sizes=\"(max-width: 381px) 100vw, 381px\" \/><\/figure>\n\n\n\n<p>Estar O No Estar. Una Delirante Historia De Amor de Marcelo Gonz\u00e1lez<\/p>\n\n\n\n<p>En Tlacotalpan, Veracruz, un hombre buscar\u00e1 solaz tras la muerte de su madre. Ah\u00ed en su espera, conocer\u00e1 a una joven quien lo llevar\u00e1 a cuestionarse sobre la fugacidad de la vida, pero no en una tradicional historia de amor, sino en un encuentro el cual nunca estuvo destinado a concluir en el cl\u00e1sico &#8220;vivieron felices por siempre&#8221;. &#8220;Una historia de amores no correspondidos que te lleva a reflexionar sobre la libertad de ser t\u00fa mismo y la imposibilidad de serlo&#8221;<\/p>\n","protected":false},"excerpt":{"rendered":"<p>Gerson G\u00f3mez Salas Hacia El Horizonte de Elisabet Almegard El continente americano, desde la llegada de Col\u00f3n, ha tenido decenas de migraciones que lo han reconfigurado. Entre tantas historias, el tr\u00e1nsito de la comunidad sueca a los Estados Unidos posee una fuerza interesante de conocer y narrar. Se trata de una sociedad que aport\u00f3 en [&hellip;]<\/p>\n","protected":false},"author":1,"featured_media":108831,"comment_status":"open","ping_status":"open","sticky":true,"template":"","format":"standard","meta":{"footnotes":""},"categories":[11,14],"tags":[],"_links":{"self":[{"href":"https:\/\/diariodigitalmx.com\/index.php\/wp-json\/wp\/v2\/posts\/108829"}],"collection":[{"href":"https:\/\/diariodigitalmx.com\/index.php\/wp-json\/wp\/v2\/posts"}],"about":[{"href":"https:\/\/diariodigitalmx.com\/index.php\/wp-json\/wp\/v2\/types\/post"}],"author":[{"embeddable":true,"href":"https:\/\/diariodigitalmx.com\/index.php\/wp-json\/wp\/v2\/users\/1"}],"replies":[{"embeddable":true,"href":"https:\/\/diariodigitalmx.com\/index.php\/wp-json\/wp\/v2\/comments?post=108829"}],"version-history":[{"count":4,"href":"https:\/\/diariodigitalmx.com\/index.php\/wp-json\/wp\/v2\/posts\/108829\/revisions"}],"predecessor-version":[{"id":108839,"href":"https:\/\/diariodigitalmx.com\/index.php\/wp-json\/wp\/v2\/posts\/108829\/revisions\/108839"}],"wp:featuredmedia":[{"embeddable":true,"href":"https:\/\/diariodigitalmx.com\/index.php\/wp-json\/wp\/v2\/media\/108831"}],"wp:attachment":[{"href":"https:\/\/diariodigitalmx.com\/index.php\/wp-json\/wp\/v2\/media?parent=108829"}],"wp:term":[{"taxonomy":"category","embeddable":true,"href":"https:\/\/diariodigitalmx.com\/index.php\/wp-json\/wp\/v2\/categories?post=108829"},{"taxonomy":"post_tag","embeddable":true,"href":"https:\/\/diariodigitalmx.com\/index.php\/wp-json\/wp\/v2\/tags?post=108829"}],"curies":[{"name":"wp","href":"https:\/\/api.w.org\/{rel}","templated":true}]}}