{"id":108860,"date":"2023-11-06T19:23:44","date_gmt":"2023-11-07T01:23:44","guid":{"rendered":"http:\/\/diariodigitalmx.com\/?p=108860"},"modified":"2023-11-06T19:25:10","modified_gmt":"2023-11-07T01:25:10","slug":"piden-empresarios-gobierno-interino-en-base-a-constitucion-aunque-quieren-cumpla-samuel-garcia-con-nuevo-leon-y-no-se-vaya","status":"publish","type":"post","link":"https:\/\/diariodigitalmx.com\/index.php\/2023\/11\/06\/piden-empresarios-gobierno-interino-en-base-a-constitucion-aunque-quieren-cumpla-samuel-garcia-con-nuevo-leon-y-no-se-vaya\/","title":{"rendered":"Piden empresarios gobierno interino en base a Constituci\u00f3n, aunque quieren cumpla Samuel Garc\u00eda con Nuevo Le\u00f3n y no se vaya"},"content":{"rendered":"\n<p>Monterrey &#8211; Los empresarios quieren que Samuel Garc\u00eda cumpla su promesa de quedarse los seis a\u00f1os al frente de Nuevo Le\u00f3n, sin embargo, ante la posici\u00f3n del gobernador, proponen<br>que la transici\u00f3n del relevo de Gobierno se d\u00e9 conforme al Estado de Derecho.<\/p>\n\n\n\n<p>&#8220;Nos gustar\u00eda que el Gobernador se quede, y si es que se da un relevo, este relevo se tiene que dar de manera \u00e1gil, respetando el Estado de Derecho&#8221;, dijo M\u00e1ximo Vedoya, presidente de la C\u00e1mara de la Industria de la Transformaci\u00f3n de Nuevo Le\u00f3n,<\/p>\n\n\n\n<p>A nombre de los industrialds exigi\u00f3 continuidad a los proyectos estrat\u00e9gicos que tiene hoy Nuevo Le\u00f3n para solucionar los problemas de infraestructura, movilidad y agua entre otros.<\/p>\n\n\n\n<figure class=\"wp-block-image size-large\"><img loading=\"lazy\" decoding=\"async\" width=\"1024\" height=\"683\" src=\"http:\/\/diariodigitalmx.com\/wp-content\/uploads\/2023\/11\/RP-Consejo-General-231106-2-1024x683.jpg\" alt=\"\" class=\"wp-image-108864\" srcset=\"https:\/\/diariodigitalmx.com\/wp-content\/uploads\/2023\/11\/RP-Consejo-General-231106-2-1024x683.jpg 1024w, https:\/\/diariodigitalmx.com\/wp-content\/uploads\/2023\/11\/RP-Consejo-General-231106-2-300x200.jpg 300w, https:\/\/diariodigitalmx.com\/wp-content\/uploads\/2023\/11\/RP-Consejo-General-231106-2-768x512.jpg 768w, https:\/\/diariodigitalmx.com\/wp-content\/uploads\/2023\/11\/RP-Consejo-General-231106-2-1536x1024.jpg 1536w, https:\/\/diariodigitalmx.com\/wp-content\/uploads\/2023\/11\/RP-Consejo-General-231106-2-2048x1365.jpg 2048w\" sizes=\"(max-width: 1024px) 100vw, 1024px\" \/><\/figure>\n\n\n\n<p>Respecto al pleito que se da sobre el gobernador interino y que involucra a Javier Navarro, secretario general de Gobierno, y Arturo Salinas, presidente con licencia del Tribunal Superior de Justicia, Vedoya se\u00f1al\u00f3 que esperan que los actores tengan di\u00e1logo y que cumplan con lo que dice la legislaci\u00f3n y la Constituci\u00f3n del Estado.<\/p>\n\n\n\n<p>El relevo en el gobierno debe darse en base a las leyes y al Estado de Derecho, exigi\u00f3.<\/p>\n\n\n\n<p>La postura industrial se da luego de que Samuel Garc\u00eda anunci\u00f3 que el 12 de noviembre se registra en MC para buscar candidatura presidencial, lo que ha mantenido un debate aqu\u00ed luego de que al inicio de su gobierno prometi\u00f3 que no se ir\u00eda como &#8220;El Bronco &#8220;.<\/p>\n","protected":false},"excerpt":{"rendered":"<p>Monterrey &#8211; Los empresarios quieren que Samuel Garc\u00eda cumpla su promesa de quedarse los seis a\u00f1os al frente de Nuevo Le\u00f3n, sin embargo, ante la posici\u00f3n del gobernador, proponenque la transici\u00f3n del relevo de Gobierno se d\u00e9 conforme al Estado de Derecho. &#8220;Nos gustar\u00eda que el Gobernador se quede, y si es que se da [&hellip;]<\/p>\n","protected":false},"author":1,"featured_media":108862,"comment_status":"open","ping_status":"open","sticky":true,"template":"","format":"standard","meta":{"footnotes":""},"categories":[6,3],"tags":[],"_links":{"self":[{"href":"https:\/\/diariodigitalmx.com\/index.php\/wp-json\/wp\/v2\/posts\/108860"}],"collection":[{"href":"https:\/\/diariodigitalmx.com\/index.php\/wp-json\/wp\/v2\/posts"}],"about":[{"href":"https:\/\/diariodigitalmx.com\/index.php\/wp-json\/wp\/v2\/types\/post"}],"author":[{"embeddable":true,"href":"https:\/\/diariodigitalmx.com\/index.php\/wp-json\/wp\/v2\/users\/1"}],"replies":[{"embeddable":true,"href":"https:\/\/diariodigitalmx.com\/index.php\/wp-json\/wp\/v2\/comments?post=108860"}],"version-history":[{"count":2,"href":"https:\/\/diariodigitalmx.com\/index.php\/wp-json\/wp\/v2\/posts\/108860\/revisions"}],"predecessor-version":[{"id":108865,"href":"https:\/\/diariodigitalmx.com\/index.php\/wp-json\/wp\/v2\/posts\/108860\/revisions\/108865"}],"wp:featuredmedia":[{"embeddable":true,"href":"https:\/\/diariodigitalmx.com\/index.php\/wp-json\/wp\/v2\/media\/108862"}],"wp:attachment":[{"href":"https:\/\/diariodigitalmx.com\/index.php\/wp-json\/wp\/v2\/media?parent=108860"}],"wp:term":[{"taxonomy":"category","embeddable":true,"href":"https:\/\/diariodigitalmx.com\/index.php\/wp-json\/wp\/v2\/categories?post=108860"},{"taxonomy":"post_tag","embeddable":true,"href":"https:\/\/diariodigitalmx.com\/index.php\/wp-json\/wp\/v2\/tags?post=108860"}],"curies":[{"name":"wp","href":"https:\/\/api.w.org\/{rel}","templated":true}]}}