{"id":108866,"date":"2023-11-06T20:59:54","date_gmt":"2023-11-07T02:59:54","guid":{"rendered":"http:\/\/diariodigitalmx.com\/?p=108866"},"modified":"2023-11-06T21:04:14","modified_gmt":"2023-11-07T03:04:14","slug":"arranca-igualdad-e-inclusion-la-segunda-clinica-de-futbol-de-la-fundacion-real-madrid","status":"publish","type":"post","link":"https:\/\/diariodigitalmx.com\/index.php\/2023\/11\/06\/arranca-igualdad-e-inclusion-la-segunda-clinica-de-futbol-de-la-fundacion-real-madrid\/","title":{"rendered":"Arranca Igualdad e Inclusi\u00f3n la segunda Cl\u00ednica de F\u00fatbol de la Fundaci\u00f3n Real Madrid"},"content":{"rendered":"\n<figure class=\"wp-block-image size-large\"><img loading=\"lazy\" decoding=\"async\" width=\"1024\" height=\"683\" src=\"http:\/\/diariodigitalmx.com\/wp-content\/uploads\/2023\/11\/image00008-1024x683.jpeg\" alt=\"\" class=\"wp-image-108870\" srcset=\"https:\/\/diariodigitalmx.com\/wp-content\/uploads\/2023\/11\/image00008-1024x683.jpeg 1024w, https:\/\/diariodigitalmx.com\/wp-content\/uploads\/2023\/11\/image00008-300x200.jpeg 300w, https:\/\/diariodigitalmx.com\/wp-content\/uploads\/2023\/11\/image00008-768x512.jpeg 768w, https:\/\/diariodigitalmx.com\/wp-content\/uploads\/2023\/11\/image00008-1536x1024.jpeg 1536w, https:\/\/diariodigitalmx.com\/wp-content\/uploads\/2023\/11\/image00008-2048x1365.jpeg 2048w\" sizes=\"(max-width: 1024px) 100vw, 1024px\" \/><\/figure>\n\n\n\n<p>Monterrey.- Con la participaci\u00f3n de 125 ni\u00f1as, ni\u00f1os y adolescentes de 14 Centros Comunitarios inici\u00f3 la segunda Cl\u00ednica Mixta de Futbol de la Fundaci\u00f3n Real Madrid en el Macrocentro Comunitario San Bernab\u00e9.<\/p>\n\n\n\n<p>A partir de este lunes y hasta el viernes 10 de noviembre, las y los seleccionados vivir\u00e1n una experiencia inolvidable con actividades que promover\u00e1n los valores y la pasi\u00f3n por el f\u00fatbol, resalt\u00f3 la Secretaria de Igualdad e Inclusi\u00f3n, Martha Herrera.<\/p>\n\n\n\n<figure class=\"wp-block-gallery has-nested-images columns-default is-cropped wp-block-gallery-1 is-layout-flex wp-block-gallery-is-layout-flex\">\n<figure class=\"wp-block-image size-large\"><img loading=\"lazy\" decoding=\"async\" width=\"1024\" height=\"683\" data-id=\"108872\" src=\"http:\/\/diariodigitalmx.com\/wp-content\/uploads\/2023\/11\/image00010-1024x683.jpeg\" alt=\"\" class=\"wp-image-108872\" srcset=\"https:\/\/diariodigitalmx.com\/wp-content\/uploads\/2023\/11\/image00010-1024x683.jpeg 1024w, https:\/\/diariodigitalmx.com\/wp-content\/uploads\/2023\/11\/image00010-300x200.jpeg 300w, https:\/\/diariodigitalmx.com\/wp-content\/uploads\/2023\/11\/image00010-768x512.jpeg 768w, https:\/\/diariodigitalmx.com\/wp-content\/uploads\/2023\/11\/image00010-1536x1024.jpeg 1536w, https:\/\/diariodigitalmx.com\/wp-content\/uploads\/2023\/11\/image00010-2048x1366.jpeg 2048w\" sizes=\"(max-width: 1024px) 100vw, 1024px\" \/><\/figure>\n\n\n\n<figure class=\"wp-block-image size-large\"><img loading=\"lazy\" decoding=\"async\" width=\"1024\" height=\"683\" data-id=\"108874\" src=\"http:\/\/diariodigitalmx.com\/wp-content\/uploads\/2023\/11\/image00002-1024x683.jpeg\" alt=\"\" class=\"wp-image-108874\" srcset=\"https:\/\/diariodigitalmx.com\/wp-content\/uploads\/2023\/11\/image00002-1024x683.jpeg 1024w, https:\/\/diariodigitalmx.com\/wp-content\/uploads\/2023\/11\/image00002-300x200.jpeg 300w, https:\/\/diariodigitalmx.com\/wp-content\/uploads\/2023\/11\/image00002-768x512.jpeg 768w, https:\/\/diariodigitalmx.com\/wp-content\/uploads\/2023\/11\/image00002-1536x1024.jpeg 1536w, https:\/\/diariodigitalmx.com\/wp-content\/uploads\/2023\/11\/image00002-2048x1365.jpeg 2048w\" sizes=\"(max-width: 1024px) 100vw, 1024px\" \/><\/figure>\n\n\n\n<figure class=\"wp-block-image size-large\"><img loading=\"lazy\" decoding=\"async\" width=\"1024\" height=\"683\" data-id=\"108873\" src=\"http:\/\/diariodigitalmx.com\/wp-content\/uploads\/2023\/11\/image00005-1-1024x683.jpeg\" alt=\"\" class=\"wp-image-108873\" srcset=\"https:\/\/diariodigitalmx.com\/wp-content\/uploads\/2023\/11\/image00005-1-1024x683.jpeg 1024w, https:\/\/diariodigitalmx.com\/wp-content\/uploads\/2023\/11\/image00005-1-300x200.jpeg 300w, https:\/\/diariodigitalmx.com\/wp-content\/uploads\/2023\/11\/image00005-1-768x512.jpeg 768w, https:\/\/diariodigitalmx.com\/wp-content\/uploads\/2023\/11\/image00005-1-1536x1024.jpeg 1536w, https:\/\/diariodigitalmx.com\/wp-content\/uploads\/2023\/11\/image00005-1-2048x1365.jpeg 2048w\" sizes=\"(max-width: 1024px) 100vw, 1024px\" \/><\/figure>\n<\/figure>\n\n\n\n<p>Participantes que aprender\u00e1n las mejores t\u00e9cnicas de Sergio Bl\u00e1zquez y Manuel Aguado, entrenadores del Real Madrid, en un esfuerzo conjunto con BRMatters, operadores de las cl\u00ednicas de la Fundaci\u00f3n Real Madrid en M\u00e9xico, la Secretar\u00eda de Igualdad e Inclusi\u00f3n, Afirme, Comex, HEB e Innovasport.<\/p>\n\n\n\n<p>\u201cSi\u00e9ntanse orgullosos de estar aqu\u00ed porque fueron seleccionados de entre los mejores y s\u00e9 que van a dar lo mejor para poder aprovechar esta cl\u00ednica lo mejor posible\u201d, expres\u00f3.<\/p>\n\n\n\n<figure class=\"wp-block-image size-large\"><img loading=\"lazy\" decoding=\"async\" width=\"1024\" height=\"683\" src=\"http:\/\/diariodigitalmx.com\/wp-content\/uploads\/2023\/11\/image00006-1024x683.jpeg\" alt=\"\" class=\"wp-image-108876\" srcset=\"https:\/\/diariodigitalmx.com\/wp-content\/uploads\/2023\/11\/image00006-1024x683.jpeg 1024w, https:\/\/diariodigitalmx.com\/wp-content\/uploads\/2023\/11\/image00006-300x200.jpeg 300w, https:\/\/diariodigitalmx.com\/wp-content\/uploads\/2023\/11\/image00006-768x512.jpeg 768w, https:\/\/diariodigitalmx.com\/wp-content\/uploads\/2023\/11\/image00006-1536x1024.jpeg 1536w, https:\/\/diariodigitalmx.com\/wp-content\/uploads\/2023\/11\/image00006-2048x1365.jpeg 2048w\" sizes=\"(max-width: 1024px) 100vw, 1024px\" \/><\/figure>\n\n\n\n<p>Destac\u00f3 que de la primera Cl\u00ednica Mixta sali\u00f3 el equipo representativo y campe\u00f3n de Nuevo Le\u00f3n y de M\u00e9xico en el World Challenge de f\u00fatbol, que se llev\u00f3 a cabo en Madrid, Espa\u00f1a, siendo orgullo de los Centros Comunitarios y de la Secretaria de Igualdad e Inclusi\u00f3n.<\/p>\n\n\n\n<p>Las ni\u00f1as, ni\u00f1os y j\u00f3venes participantes fueron seleccionados de poco m\u00e1s de 1750 participantes en los Torneos de Barrio que realiz\u00f3 la dependencia estatal en julio de este a\u00f1o.<\/p>\n\n\n\n<figure class=\"wp-block-image size-large\"><img loading=\"lazy\" decoding=\"async\" width=\"1024\" height=\"683\" src=\"http:\/\/diariodigitalmx.com\/wp-content\/uploads\/2023\/11\/image00004-1024x683.jpeg\" alt=\"\" class=\"wp-image-108878\" srcset=\"https:\/\/diariodigitalmx.com\/wp-content\/uploads\/2023\/11\/image00004-1024x683.jpeg 1024w, https:\/\/diariodigitalmx.com\/wp-content\/uploads\/2023\/11\/image00004-300x200.jpeg 300w, https:\/\/diariodigitalmx.com\/wp-content\/uploads\/2023\/11\/image00004-768x512.jpeg 768w, https:\/\/diariodigitalmx.com\/wp-content\/uploads\/2023\/11\/image00004-1536x1024.jpeg 1536w, https:\/\/diariodigitalmx.com\/wp-content\/uploads\/2023\/11\/image00004-2048x1365.jpeg 2048w\" sizes=\"(max-width: 1024px) 100vw, 1024px\" \/><\/figure>\n\n\n\n<p>La cl\u00ednica es parte del compromiso de la Secretar\u00eda de Igualdad e Inclusi\u00f3n con el desarrollo de los j\u00f3venes, adem\u00e1s busca garantizar el acceso al deporte. La primera cl\u00ednica femenil de la Fundaci\u00f3n del Real Madrid en el mundo se realiz\u00f3 en junio de 2023 en Monterrey, en la que participaron 125 ni\u00f1as inscritas.<\/p>\n\n\n\n<figure class=\"wp-block-gallery has-nested-images columns-default is-cropped wp-block-gallery-2 is-layout-flex wp-block-gallery-is-layout-flex\">\n<figure class=\"wp-block-image size-large\"><img loading=\"lazy\" decoding=\"async\" width=\"1024\" height=\"683\" data-id=\"108882\" src=\"http:\/\/diariodigitalmx.com\/wp-content\/uploads\/2023\/11\/image00009-1024x683.jpeg\" alt=\"\" class=\"wp-image-108882\" srcset=\"https:\/\/diariodigitalmx.com\/wp-content\/uploads\/2023\/11\/image00009-1024x683.jpeg 1024w, https:\/\/diariodigitalmx.com\/wp-content\/uploads\/2023\/11\/image00009-300x200.jpeg 300w, https:\/\/diariodigitalmx.com\/wp-content\/uploads\/2023\/11\/image00009-768x512.jpeg 768w, https:\/\/diariodigitalmx.com\/wp-content\/uploads\/2023\/11\/image00009-1536x1024.jpeg 1536w, https:\/\/diariodigitalmx.com\/wp-content\/uploads\/2023\/11\/image00009-2048x1365.jpeg 2048w\" sizes=\"(max-width: 1024px) 100vw, 1024px\" \/><\/figure>\n\n\n\n<figure class=\"wp-block-image size-large\"><img loading=\"lazy\" decoding=\"async\" width=\"1024\" height=\"683\" data-id=\"108880\" src=\"http:\/\/diariodigitalmx.com\/wp-content\/uploads\/2023\/11\/image00007-1-1024x683.jpeg\" alt=\"\" class=\"wp-image-108880\" srcset=\"https:\/\/diariodigitalmx.com\/wp-content\/uploads\/2023\/11\/image00007-1-1024x683.jpeg 1024w, https:\/\/diariodigitalmx.com\/wp-content\/uploads\/2023\/11\/image00007-1-300x200.jpeg 300w, https:\/\/diariodigitalmx.com\/wp-content\/uploads\/2023\/11\/image00007-1-768x512.jpeg 768w, https:\/\/diariodigitalmx.com\/wp-content\/uploads\/2023\/11\/image00007-1-1536x1024.jpeg 1536w, https:\/\/diariodigitalmx.com\/wp-content\/uploads\/2023\/11\/image00007-1-2048x1365.jpeg 2048w\" sizes=\"(max-width: 1024px) 100vw, 1024px\" \/><\/figure>\n<\/figure>\n\n\n\n<p>La Fundaci\u00f3n Real Madrid es una entidad humanitaria, social y formativa carente de \u00e1nimo de lucro que trabaja en favor del desarrollo cultural y social de los m\u00e1s desfavorecidos a trav\u00e9s del deporte.<\/p>\n\n\n\n<p>En el evento tambi\u00e9n estuvieron presentes Elizandra Bonatto, Directora de la Agencia BRMatters y Representante de la Fundaci\u00f3n Real Madrid; Jos\u00e9 Sobrevia. Director Corporativo Comercial y Digital. AFIRME; V\u00edctor Mart\u00ednez, Coordinador de Mercadotecnia Regional Regi\u00f3n Norte- Baj\u00edo de COMEX; Melody Falc\u00f3, Directora General del Instituto Estatal de Cultura F\u00edsica y Deporte y Adri\u00e1n Salas, Director deportivo del Municipio de Monterrey.<\/p>\n","protected":false},"excerpt":{"rendered":"<p>Monterrey.- Con la participaci\u00f3n de 125 ni\u00f1as, ni\u00f1os y adolescentes de 14 Centros Comunitarios inici\u00f3 la segunda Cl\u00ednica Mixta de Futbol de la Fundaci\u00f3n Real Madrid en el Macrocentro Comunitario San Bernab\u00e9. A partir de este lunes y hasta el viernes 10 de noviembre, las y los seleccionados vivir\u00e1n una experiencia inolvidable con actividades que [&hellip;]<\/p>\n","protected":false},"author":1,"featured_media":108868,"comment_status":"open","ping_status":"open","sticky":true,"template":"","format":"standard","meta":{"footnotes":""},"categories":[8,14],"tags":[],"_links":{"self":[{"href":"https:\/\/diariodigitalmx.com\/index.php\/wp-json\/wp\/v2\/posts\/108866"}],"collection":[{"href":"https:\/\/diariodigitalmx.com\/index.php\/wp-json\/wp\/v2\/posts"}],"about":[{"href":"https:\/\/diariodigitalmx.com\/index.php\/wp-json\/wp\/v2\/types\/post"}],"author":[{"embeddable":true,"href":"https:\/\/diariodigitalmx.com\/index.php\/wp-json\/wp\/v2\/users\/1"}],"replies":[{"embeddable":true,"href":"https:\/\/diariodigitalmx.com\/index.php\/wp-json\/wp\/v2\/comments?post=108866"}],"version-history":[{"count":4,"href":"https:\/\/diariodigitalmx.com\/index.php\/wp-json\/wp\/v2\/posts\/108866\/revisions"}],"predecessor-version":[{"id":108883,"href":"https:\/\/diariodigitalmx.com\/index.php\/wp-json\/wp\/v2\/posts\/108866\/revisions\/108883"}],"wp:featuredmedia":[{"embeddable":true,"href":"https:\/\/diariodigitalmx.com\/index.php\/wp-json\/wp\/v2\/media\/108868"}],"wp:attachment":[{"href":"https:\/\/diariodigitalmx.com\/index.php\/wp-json\/wp\/v2\/media?parent=108866"}],"wp:term":[{"taxonomy":"category","embeddable":true,"href":"https:\/\/diariodigitalmx.com\/index.php\/wp-json\/wp\/v2\/categories?post=108866"},{"taxonomy":"post_tag","embeddable":true,"href":"https:\/\/diariodigitalmx.com\/index.php\/wp-json\/wp\/v2\/tags?post=108866"}],"curies":[{"name":"wp","href":"https:\/\/api.w.org\/{rel}","templated":true}]}}