{"id":108904,"date":"2023-11-07T08:14:38","date_gmt":"2023-11-07T14:14:38","guid":{"rendered":"http:\/\/diariodigitalmx.com\/?p=108904"},"modified":"2023-11-07T08:15:15","modified_gmt":"2023-11-07T14:15:15","slug":"escenarios-de-marcelo","status":"publish","type":"post","link":"https:\/\/diariodigitalmx.com\/index.php\/2023\/11\/07\/escenarios-de-marcelo\/","title":{"rendered":"Escenarios de Marcelo"},"content":{"rendered":"\n<p><br>Ra\u00fal Guajardo Cant\u00fa<br>Aunque se esperaba que el viernes pasado Marcelo Ebrard diera a conocer la decisi\u00f3n que ha tomado con relaci\u00f3n a su futuro, ya varios analistas hab\u00edan apuntado que el exsecretario de Relaciones Exteriores se encontraba fuera del pa\u00eds y que ser\u00eda hasta este pr\u00f3ximo viernes 10 cuando diera a conocer su postura.<br>La realidad es que el tiempo pasa y las opciones de Ebrard se van reduciendo, ya que, por ejemplo, la de ser un candidato independiente la dej\u00f3 pasar inmediatamente despu\u00e9s de terminado el proceso interno de Morena, en tanto que las posibilidades de quedarse dentro de este organismo pol\u00edtico se ven cada vez m\u00e1s lejanas debido tanto a declaraciones propias como a las realizadas por algunos de sus cercanos colaboradores.<br>Aunque hasta hoy, fuera de sus declaraciones acerca del proceso, ni Marcelo, ni sus seguidores han hecho nada que pueda ser interpretado como una traici\u00f3n a Morena o al presidente, hay quien piensa que ya las declaraciones acerca del proceso interno en que result\u00f3 electa Claudia Sheinbaum como coordinadora de los comit\u00e9s de defensa de la 4T lo inhabilitan para continuar en esta.<br>Sin embargo, no se han materializado hasta hoy en acciones como, por poner un ejemplo que ser\u00eda muy palpable y ese s\u00ed cr\u00edtico, en votos de sus partidarios en contra del presupuesto, ni siquiera han propuesto algunos cambios, no digamos ya significativos, sino siquiera m\u00ednimos.<br>As\u00ed que por ahora las puertas quiz\u00e1 no est\u00e9n cerradas para Ebrard en Morena, pero tampoco es que lo esperen con los brazos abiertos. Al menos no tanto como para que le cumplan lo de ser coordinador de los senadores de ese partido.<br>Un escenario que se ha especulado como el m\u00e1s probable, consiste en que sea el abanderado de Movimiento Ciudadano, algo que no ser\u00eda mal visto por el presidente, quien considera que dividir la oposici\u00f3n es algo positivo para Sheinbaum.<br>En MC, sin embargo, existe una corriente que no quiere ceder ante la posibilidad de que Marcelo vaya como su candidato, encabezada esta corriente por el gobernador de Nuevo Le\u00f3n, Samuel Garc\u00eda, quien quiz\u00e1 debido a que desea atajar tal posibilidad se ha lanzado abiertamente al ruedo presidencial cuando hasta hace unos d\u00edas consideraba que a\u00fan no era el tiempo de hacerlo.<br>Ante esta postura, Dante Delgado, l\u00edder de los naranja, ha manifestado que tanto Samuel como Marcelo se encuentran en posibilidades de ser los abanderados presidenciales de ese partido, aunque, a decir verdad, faltar\u00eda ver si las condiciones que al parecer ha impuesto el excanciller pueden ser cumplidas en su totalidad, o la mayor\u00eda de ellas, por MC y si esto no genera cierto resquemor al interior de ese partido, ya que algunos de los miembros importantes de este ser\u00edan desplazados en beneficio de la \u201cgente de Ebrard\u201d.<br>Una posibilidad que a \u00faltimas fechas se ha presentado consiste en se\u00f1alar que Marcelo coordine la campa\u00f1a de X\u00f3chitl, con miras a sustituirla en caso de ser necesario, lo cual francamente se ve muy dif\u00edcil, ya que la imagen de que la campa\u00f1a de la senadora G\u00e1lvez no ha despegado parece m\u00e1s bien una estrategia de Morena que otra cosa.<br>Al fin de cuentas las cosas no se ven tan claras para Marcelo, pero esperemos a ver si el viernes pr\u00f3ximo no vuelve a gritar \u00a1qu\u00e9 viene el lobo! Y este no llega, lo que le restar\u00eda otra parte de su capital pol\u00edtico.<br>Es tiempo de definiciones.<\/p>\n","protected":false},"excerpt":{"rendered":"<p>Ra\u00fal Guajardo Cant\u00faAunque se esperaba que el viernes pasado Marcelo Ebrard diera a conocer la decisi\u00f3n que ha tomado con relaci\u00f3n a su futuro, ya varios analistas hab\u00edan apuntado que el exsecretario de Relaciones Exteriores se encontraba fuera del pa\u00eds y que ser\u00eda hasta este pr\u00f3ximo viernes 10 cuando diera a conocer su postura.La realidad [&hellip;]<\/p>\n","protected":false},"author":1,"featured_media":108906,"comment_status":"open","ping_status":"open","sticky":true,"template":"","format":"standard","meta":{"footnotes":""},"categories":[12,5],"tags":[],"_links":{"self":[{"href":"https:\/\/diariodigitalmx.com\/index.php\/wp-json\/wp\/v2\/posts\/108904"}],"collection":[{"href":"https:\/\/diariodigitalmx.com\/index.php\/wp-json\/wp\/v2\/posts"}],"about":[{"href":"https:\/\/diariodigitalmx.com\/index.php\/wp-json\/wp\/v2\/types\/post"}],"author":[{"embeddable":true,"href":"https:\/\/diariodigitalmx.com\/index.php\/wp-json\/wp\/v2\/users\/1"}],"replies":[{"embeddable":true,"href":"https:\/\/diariodigitalmx.com\/index.php\/wp-json\/wp\/v2\/comments?post=108904"}],"version-history":[{"count":1,"href":"https:\/\/diariodigitalmx.com\/index.php\/wp-json\/wp\/v2\/posts\/108904\/revisions"}],"predecessor-version":[{"id":108905,"href":"https:\/\/diariodigitalmx.com\/index.php\/wp-json\/wp\/v2\/posts\/108904\/revisions\/108905"}],"wp:featuredmedia":[{"embeddable":true,"href":"https:\/\/diariodigitalmx.com\/index.php\/wp-json\/wp\/v2\/media\/108906"}],"wp:attachment":[{"href":"https:\/\/diariodigitalmx.com\/index.php\/wp-json\/wp\/v2\/media?parent=108904"}],"wp:term":[{"taxonomy":"category","embeddable":true,"href":"https:\/\/diariodigitalmx.com\/index.php\/wp-json\/wp\/v2\/categories?post=108904"},{"taxonomy":"post_tag","embeddable":true,"href":"https:\/\/diariodigitalmx.com\/index.php\/wp-json\/wp\/v2\/tags?post=108904"}],"curies":[{"name":"wp","href":"https:\/\/api.w.org\/{rel}","templated":true}]}}