{"id":108978,"date":"2023-11-08T00:31:17","date_gmt":"2023-11-08T06:31:17","guid":{"rendered":"http:\/\/diariodigitalmx.com\/?p=108978"},"modified":"2023-11-08T00:32:19","modified_gmt":"2023-11-08T06:32:19","slug":"abate-fuerza-civil-a-dos-civiles-en-enfrentamiento-en-linares-al-sur-de-nl","status":"publish","type":"post","link":"https:\/\/diariodigitalmx.com\/index.php\/2023\/11\/08\/abate-fuerza-civil-a-dos-civiles-en-enfrentamiento-en-linares-al-sur-de-nl\/","title":{"rendered":"Abate Fuerza Civil a dos civiles en enfrentamiento en Linares, al sur de NL"},"content":{"rendered":"\n<figure class=\"wp-block-video\"><video controls src=\"http:\/\/diariodigitalmx.com\/wp-content\/uploads\/2023\/11\/qMbC-kUHcUofU6yK.mp4\"><\/video><\/figure>\n\n\n\n<p><br>Monterrey. &#8211; Un enfrentamiento entre polic\u00edas de Fuerza Civil y civiles armados en el Ejido Vista Hermosa, del municipio de Linares, unos 100 kil\u00f3metros al sur, dej\u00f3 un saldo de dos personas del grupo armado abatidas, y el decomiso de dos armas largas y una camioneta decomisadas.<\/p>\n\n\n\n<p>Lugare\u00f1os circularon en redes sociales un video donde se escuchan el tiroteo<\/p>\n\n\n\n<p>Los hechos se registraron alrededor de las 20:00 horas del martes, inform\u00f3 en su cuenta<br>de &#8221;X&#8221;, el Grupo de Coordinaci\u00f3n por la Seguridad de Nuevo Le\u00f3n.<\/p>\n\n\n\n<p>&#8220;Fuerza Civil sostuvo un enfrentamiento en el municipio de Linares, el cual tuvo como resultado de 2 delincuentes abatidos, adem\u00e1s del decomiso de 2 armas largas y una camioneta.<br>No hay polic\u00edas heridos&#8221;, se\u00f1al\u00f3.<\/p>\n\n\n\n<p>Hasta ese lugar llegaron se tambi\u00e9n elementos del Ej\u00e9rcito, agentes ministeriales y personal de refuerzo de Fuerza Civil junto con Guardia Nacional.<\/p>\n\n\n\n<p>Un primer reporte de los hechos se\u00f1al\u00f3 que Fuerza Civil se encontraba realizando un operativo de rutina en la zona, cuando observaron que un grupo de individuos se encontraba de manera sospechosa, pero posteriormente al ver a los polic\u00edas iniciaron un ataque contra ellos, el cual fue repelido.<\/p>\n","protected":false},"excerpt":{"rendered":"<p>Monterrey. &#8211; Un enfrentamiento entre polic\u00edas de Fuerza Civil y civiles armados en el Ejido Vista Hermosa, del municipio de Linares, unos 100 kil\u00f3metros al sur, dej\u00f3 un saldo de dos personas del grupo armado abatidas, y el decomiso de dos armas largas y una camioneta decomisadas. Lugare\u00f1os circularon en redes sociales un video donde [&hellip;]<\/p>\n","protected":false},"author":1,"featured_media":108980,"comment_status":"open","ping_status":"open","sticky":true,"template":"","format":"standard","meta":{"footnotes":""},"categories":[14,7],"tags":[],"_links":{"self":[{"href":"https:\/\/diariodigitalmx.com\/index.php\/wp-json\/wp\/v2\/posts\/108978"}],"collection":[{"href":"https:\/\/diariodigitalmx.com\/index.php\/wp-json\/wp\/v2\/posts"}],"about":[{"href":"https:\/\/diariodigitalmx.com\/index.php\/wp-json\/wp\/v2\/types\/post"}],"author":[{"embeddable":true,"href":"https:\/\/diariodigitalmx.com\/index.php\/wp-json\/wp\/v2\/users\/1"}],"replies":[{"embeddable":true,"href":"https:\/\/diariodigitalmx.com\/index.php\/wp-json\/wp\/v2\/comments?post=108978"}],"version-history":[{"count":2,"href":"https:\/\/diariodigitalmx.com\/index.php\/wp-json\/wp\/v2\/posts\/108978\/revisions"}],"predecessor-version":[{"id":108982,"href":"https:\/\/diariodigitalmx.com\/index.php\/wp-json\/wp\/v2\/posts\/108978\/revisions\/108982"}],"wp:featuredmedia":[{"embeddable":true,"href":"https:\/\/diariodigitalmx.com\/index.php\/wp-json\/wp\/v2\/media\/108980"}],"wp:attachment":[{"href":"https:\/\/diariodigitalmx.com\/index.php\/wp-json\/wp\/v2\/media?parent=108978"}],"wp:term":[{"taxonomy":"category","embeddable":true,"href":"https:\/\/diariodigitalmx.com\/index.php\/wp-json\/wp\/v2\/categories?post=108978"},{"taxonomy":"post_tag","embeddable":true,"href":"https:\/\/diariodigitalmx.com\/index.php\/wp-json\/wp\/v2\/tags?post=108978"}],"curies":[{"name":"wp","href":"https:\/\/api.w.org\/{rel}","templated":true}]}}