{"id":109046,"date":"2023-11-09T06:46:53","date_gmt":"2023-11-09T12:46:53","guid":{"rendered":"http:\/\/diariodigitalmx.com\/?p=109046"},"modified":"2023-11-09T06:47:30","modified_gmt":"2023-11-09T12:47:30","slug":"presupuesto-2024","status":"publish","type":"post","link":"https:\/\/diariodigitalmx.com\/index.php\/2023\/11\/09\/presupuesto-2024\/","title":{"rendered":"Presupuesto 2024"},"content":{"rendered":"\n<p><br>Ra\u00fal Guajardo Cant\u00fa<br>Una de las discusiones que se est\u00e1 presentando en estos d\u00edas es la referente al presupuesto federal del pr\u00f3ximo a\u00f1o, ya que a este, tal como ha pasado en los a\u00f1os anteriores, los diputados no le movieron m\u00e1s que algunas comas, estas en favor de lo que el presidente ha se\u00f1alado en las ma\u00f1aneras, sin embargo ahora se presenta una situaci\u00f3n especial que habr\u00eda de considerarse: la destrucci\u00f3n provocada por el paso del hurac\u00e1n Otis a trav\u00e9s de Acapulco y su zona aleda\u00f1a.<br>La destrucci\u00f3n fue mucha, se calcula que el 80% de los hoteles de ese puerto fueron da\u00f1ados por Otis, adem\u00e1s de la mayor\u00eda de las casas existentes, de todos los niveles socioecon\u00f3micos, las cuales tambi\u00e9n sufrieron fuertes da\u00f1os debido a la fuerza de los vientos de un hurac\u00e1n de categor\u00eda 5, el m\u00e1ximo existente en la escala Saffir-Simpson.<br>Pese a todo ello, con la destrucci\u00f3n de fuentes de trabajo que lo anterior implica, no fue etiquetado recurso alguno para la reconstrucci\u00f3n, al menos no todav\u00eda, ya que incluso los recursos que se le restaron al Poder Judicial de la Federaci\u00f3n, el Instituto Nacional Electoral y otros m\u00e1s, que se supon\u00eda fuesen destinados a la reconstrucci\u00f3n, a\u00fan no hab\u00edan sido etiquetados para ello a la hora en que escribimos nuestro art\u00edculo.<br>Incluso a esta hora se hab\u00eda llegado a gritos y empujones en la C\u00e1mara de Diputados debido a que un grupo de diputados morenistas, seguidores de Marcelo Ebrard, vot\u00f3 en favor de que se etiquetaran recursos para ello, sin embargo, como lo relata La Jornada, \u201cla secretaria de la Mesa, Brenda Espinosa (Morena), dijo que no hab\u00eda mayor\u00eda en favor de la reserva, ni espacio para la duda\u201d. Con lo cual se dio por terminada la discusi\u00f3n y comenzaron los gritos y empujones.<br>El presidente ha se\u00f1alado que, de alguna manera, no hay necesidad de etiquetar recursos para el caso espec\u00edfico, ya que si es necesario se utilizar\u00eda todo el presupuesto federal para atender las necesidades, lo cual, obviamente es una forma de se\u00f1alar que s\u00ed hay recursos suficientes para ello, pero que ser\u00e1n manejados discrecionalmente, sin pasar por las asignaciones presupuestales.<br>No creemos que sea bueno para nadie el que este tipo de situaciones se presenten, independientemente de si pueden incidir en el voto de las personas o no, lo importante es que no se rompa el orden constitucional, ya que de otra forma, se podr\u00eda presentar un escenario de caos, que, insistimos, no beneficia a nadie\u2026 o a casi nadie.<\/p>\n","protected":false},"excerpt":{"rendered":"<p>Ra\u00fal Guajardo Cant\u00faUna de las discusiones que se est\u00e1 presentando en estos d\u00edas es la referente al presupuesto federal del pr\u00f3ximo a\u00f1o, ya que a este, tal como ha pasado en los a\u00f1os anteriores, los diputados no le movieron m\u00e1s que algunas comas, estas en favor de lo que el presidente ha se\u00f1alado en las [&hellip;]<\/p>\n","protected":false},"author":1,"featured_media":109048,"comment_status":"open","ping_status":"open","sticky":true,"template":"","format":"standard","meta":{"footnotes":""},"categories":[14,12],"tags":[],"_links":{"self":[{"href":"https:\/\/diariodigitalmx.com\/index.php\/wp-json\/wp\/v2\/posts\/109046"}],"collection":[{"href":"https:\/\/diariodigitalmx.com\/index.php\/wp-json\/wp\/v2\/posts"}],"about":[{"href":"https:\/\/diariodigitalmx.com\/index.php\/wp-json\/wp\/v2\/types\/post"}],"author":[{"embeddable":true,"href":"https:\/\/diariodigitalmx.com\/index.php\/wp-json\/wp\/v2\/users\/1"}],"replies":[{"embeddable":true,"href":"https:\/\/diariodigitalmx.com\/index.php\/wp-json\/wp\/v2\/comments?post=109046"}],"version-history":[{"count":1,"href":"https:\/\/diariodigitalmx.com\/index.php\/wp-json\/wp\/v2\/posts\/109046\/revisions"}],"predecessor-version":[{"id":109047,"href":"https:\/\/diariodigitalmx.com\/index.php\/wp-json\/wp\/v2\/posts\/109046\/revisions\/109047"}],"wp:featuredmedia":[{"embeddable":true,"href":"https:\/\/diariodigitalmx.com\/index.php\/wp-json\/wp\/v2\/media\/109048"}],"wp:attachment":[{"href":"https:\/\/diariodigitalmx.com\/index.php\/wp-json\/wp\/v2\/media?parent=109046"}],"wp:term":[{"taxonomy":"category","embeddable":true,"href":"https:\/\/diariodigitalmx.com\/index.php\/wp-json\/wp\/v2\/categories?post=109046"},{"taxonomy":"post_tag","embeddable":true,"href":"https:\/\/diariodigitalmx.com\/index.php\/wp-json\/wp\/v2\/tags?post=109046"}],"curies":[{"name":"wp","href":"https:\/\/api.w.org\/{rel}","templated":true}]}}