{"id":10908,"date":"2019-08-28T17:54:01","date_gmt":"2019-08-28T22:54:01","guid":{"rendered":"http:\/\/diariodigitalmx.com\/?p=10908"},"modified":"2019-08-28T17:59:13","modified_gmt":"2019-08-28T22:59:13","slug":"fortalece-clara-luz-labores-de-investigacion-con-cpted-mexico-presenta-sic-a-funcionarios-internacionales","status":"publish","type":"post","link":"https:\/\/diariodigitalmx.com\/index.php\/2019\/08\/28\/fortalece-clara-luz-labores-de-investigacion-con-cpted-mexico-presenta-sic-a-funcionarios-internacionales\/","title":{"rendered":"Fortalece Clara Luz labores de investigaci\u00f3n con CPTED M\u00e9xico; presenta SIC a funcionarios internacionales"},"content":{"rendered":"\n<p><br><\/p>\n\n\n\n<p>Fortalecer las tareas de investigaci\u00f3n que realiza el Municipio de Escobedo -primero en M\u00e9xico en contar con una polic\u00eda investigadora-, y establecer mesas de coordinaci\u00f3n en materia de seguridad y prevenci\u00f3n del delito, es lo que permitir\u00e1 la firma de convenio que realiz\u00f3 la Alcaldesa Clara Luz Flores Carrales con el Centro Nacional de Estudios en Prevenci\u00f3n Situacional del Delito (CPTED M\u00e9xico, por sus siglas en ingl\u00e9s).<br><\/p>\n\n\n\n<p>La Edil explic\u00f3 que este acuerdo ayudar\u00e1 a definir l\u00edneas de acci\u00f3n, realizar diagn\u00f3sticos, implementar programas preventivos y recibir asesoramiento con una visi\u00f3n internacional, tras acudir a la conferencia \u201cCPTED: Seguridad urbana y seguridad humana\u201d, en Quintana Roo, donde tambi\u00e9n present\u00f3 el sistema Seguridad Integral para los Ciudadanos (SIC) a funcionarios y expertos de Chile, Espa\u00f1a, Corea, Ecuador, Honduras y Brasil.<\/p>\n\n\n\n<p><br><\/p>\n\n\n\n<figure class=\"wp-block-image\"><img loading=\"lazy\" decoding=\"async\" width=\"1024\" height=\"682\" src=\"http:\/\/diariodigitalmx.com\/wp-content\/uploads\/2019\/08\/IMG-20190828-WA0020-1024x682.jpg\" alt=\"\" class=\"wp-image-10912\" srcset=\"https:\/\/diariodigitalmx.com\/wp-content\/uploads\/2019\/08\/IMG-20190828-WA0020-1024x682.jpg 1024w, https:\/\/diariodigitalmx.com\/wp-content\/uploads\/2019\/08\/IMG-20190828-WA0020-300x200.jpg 300w, https:\/\/diariodigitalmx.com\/wp-content\/uploads\/2019\/08\/IMG-20190828-WA0020-768x512.jpg 768w, https:\/\/diariodigitalmx.com\/wp-content\/uploads\/2019\/08\/IMG-20190828-WA0020.jpg 1280w\" sizes=\"(max-width: 1024px) 100vw, 1024px\" \/><\/figure>\n\n\n\n<p>\u201cEs un honor poder representar al Municipio de Escobedo y firmar este convenio para que le traiga mejores y mayores condiciones de prevenci\u00f3n y resultados a los ciudadanos\u201d, dijo.<br><\/p>\n\n\n\n<p>El convenio establece cuatro ejes tem\u00e1ticos que deber\u00e1n abordarse: Intercambio de informaci\u00f3n; Alineaci\u00f3n de pol\u00edticas p\u00fablicas e indicadores de gesti\u00f3n e impacto; Informaci\u00f3n de acciones en materia de seguridad p\u00fablica, prevenci\u00f3n del delito y participaci\u00f3n ciudadana, y Sistemas de indicadores y medici\u00f3n.&nbsp;<\/p>\n\n\n\n<p><br><\/p>\n\n\n\n<figure class=\"wp-block-image\"><img loading=\"lazy\" decoding=\"async\" width=\"1024\" height=\"768\" src=\"http:\/\/diariodigitalmx.com\/wp-content\/uploads\/2019\/08\/IMG-20190828-WA0021-1024x768.jpg\" alt=\"\" class=\"wp-image-10914\" srcset=\"https:\/\/diariodigitalmx.com\/wp-content\/uploads\/2019\/08\/IMG-20190828-WA0021-1024x768.jpg 1024w, https:\/\/diariodigitalmx.com\/wp-content\/uploads\/2019\/08\/IMG-20190828-WA0021-300x225.jpg 300w, https:\/\/diariodigitalmx.com\/wp-content\/uploads\/2019\/08\/IMG-20190828-WA0021-768x576.jpg 768w, https:\/\/diariodigitalmx.com\/wp-content\/uploads\/2019\/08\/IMG-20190828-WA0021.jpg 1280w\" sizes=\"(max-width: 1024px) 100vw, 1024px\" \/><\/figure>\n\n\n\n<p>La presidenta de CPTED M\u00e9xico, Mercedes Escudero, se\u00f1al\u00f3 que trabajar\u00e1n de manera estrecha con el Municipio para la construcci\u00f3n de una ciudad segura.&nbsp;<br><\/p>\n\n\n\n<p>\u201cEl Ayuntamiento establecer\u00e1 mesas de coordinaci\u00f3n y enlace interinstitucional para proveer la informaci\u00f3n conducente para hacer el dise\u00f1o e implementaci\u00f3n de los programas y acciones que, de forma conjunta, CPTED M\u00e9xico realizar\u00e1 para conformar territorios de paz\u201d.<\/p>\n\n\n\n<p><br><\/p>\n\n\n\n<figure class=\"wp-block-image\"><img loading=\"lazy\" decoding=\"async\" width=\"1024\" height=\"682\" src=\"http:\/\/diariodigitalmx.com\/wp-content\/uploads\/2019\/08\/IMG-20190828-WA0019-1024x682.jpg\" alt=\"\" class=\"wp-image-10918\" srcset=\"https:\/\/diariodigitalmx.com\/wp-content\/uploads\/2019\/08\/IMG-20190828-WA0019-1024x682.jpg 1024w, https:\/\/diariodigitalmx.com\/wp-content\/uploads\/2019\/08\/IMG-20190828-WA0019-300x200.jpg 300w, https:\/\/diariodigitalmx.com\/wp-content\/uploads\/2019\/08\/IMG-20190828-WA0019-768x512.jpg 768w, https:\/\/diariodigitalmx.com\/wp-content\/uploads\/2019\/08\/IMG-20190828-WA0019.jpg 1280w\" sizes=\"(max-width: 1024px) 100vw, 1024px\" \/><\/figure>\n\n\n\n<p>Con su metodolog\u00eda de Prevenci\u00f3n de la Violencia y el Delito mediante el Dise\u00f1o Ambiental, la organizaci\u00f3n CPTED se ha caracterizado mundialmente por trabajar con un enfoque multidisciplinario en reducir la delincuencia y la percepci\u00f3n de inseguridad, y aumentar la cohesi\u00f3n comunitaria.&nbsp;<br><\/p>\n","protected":false},"excerpt":{"rendered":"<p>Fortalecer las tareas de investigaci\u00f3n que realiza el Municipio de Escobedo -primero en M\u00e9xico en contar con una polic\u00eda investigadora-, y establecer mesas de coordinaci\u00f3n en materia de seguridad y prevenci\u00f3n del delito, es lo que permitir\u00e1 la firma de convenio que realiz\u00f3 la Alcaldesa Clara Luz Flores Carrales con el Centro Nacional de Estudios [&hellip;]<\/p>\n","protected":false},"author":1,"featured_media":10911,"comment_status":"open","ping_status":"open","sticky":true,"template":"","format":"standard","meta":{"footnotes":""},"categories":[6],"tags":[],"_links":{"self":[{"href":"https:\/\/diariodigitalmx.com\/index.php\/wp-json\/wp\/v2\/posts\/10908"}],"collection":[{"href":"https:\/\/diariodigitalmx.com\/index.php\/wp-json\/wp\/v2\/posts"}],"about":[{"href":"https:\/\/diariodigitalmx.com\/index.php\/wp-json\/wp\/v2\/types\/post"}],"author":[{"embeddable":true,"href":"https:\/\/diariodigitalmx.com\/index.php\/wp-json\/wp\/v2\/users\/1"}],"replies":[{"embeddable":true,"href":"https:\/\/diariodigitalmx.com\/index.php\/wp-json\/wp\/v2\/comments?post=10908"}],"version-history":[{"count":5,"href":"https:\/\/diariodigitalmx.com\/index.php\/wp-json\/wp\/v2\/posts\/10908\/revisions"}],"predecessor-version":[{"id":10919,"href":"https:\/\/diariodigitalmx.com\/index.php\/wp-json\/wp\/v2\/posts\/10908\/revisions\/10919"}],"wp:featuredmedia":[{"embeddable":true,"href":"https:\/\/diariodigitalmx.com\/index.php\/wp-json\/wp\/v2\/media\/10911"}],"wp:attachment":[{"href":"https:\/\/diariodigitalmx.com\/index.php\/wp-json\/wp\/v2\/media?parent=10908"}],"wp:term":[{"taxonomy":"category","embeddable":true,"href":"https:\/\/diariodigitalmx.com\/index.php\/wp-json\/wp\/v2\/categories?post=10908"},{"taxonomy":"post_tag","embeddable":true,"href":"https:\/\/diariodigitalmx.com\/index.php\/wp-json\/wp\/v2\/tags?post=10908"}],"curies":[{"name":"wp","href":"https:\/\/api.w.org\/{rel}","templated":true}]}}