{"id":109092,"date":"2023-11-09T21:22:48","date_gmt":"2023-11-10T03:22:48","guid":{"rendered":"http:\/\/diariodigitalmx.com\/?p=109092"},"modified":"2023-11-09T21:25:08","modified_gmt":"2023-11-10T03:25:08","slug":"pide-a-educadores-infantiles-levantar-la-mano-y-decir-presente","status":"publish","type":"post","link":"https:\/\/diariodigitalmx.com\/index.php\/2023\/11\/09\/pide-a-educadores-infantiles-levantar-la-mano-y-decir-presente\/","title":{"rendered":"Piden a educadores infantiles levantar la mano y decir \u00a1presente!"},"content":{"rendered":"\n<figure class=\"wp-block-image size-full\"><img loading=\"lazy\" decoding=\"async\" width=\"1024\" height=\"773\" src=\"http:\/\/diariodigitalmx.com\/wp-content\/uploads\/2023\/11\/IMG-20231109-WA0153.jpg\" alt=\"\" class=\"wp-image-109096\" srcset=\"https:\/\/diariodigitalmx.com\/wp-content\/uploads\/2023\/11\/IMG-20231109-WA0153.jpg 1024w, https:\/\/diariodigitalmx.com\/wp-content\/uploads\/2023\/11\/IMG-20231109-WA0153-300x226.jpg 300w, https:\/\/diariodigitalmx.com\/wp-content\/uploads\/2023\/11\/IMG-20231109-WA0153-768x580.jpg 768w\" sizes=\"(max-width: 1024px) 100vw, 1024px\" \/><\/figure>\n\n\n\n<p>Monterrey. &#8211; Mientras haya ni\u00f1as y ni\u00f1os en pobreza y desigualdad, con hambre y padeciendo guerras, excluidos y marginados, maltratados y violentados, las y los educadores infantiles tienen que levantar la mano y decir \u00a1presente!<\/p>\n\n\n\n<p>Ante m\u00e1s de mil participantes en el 23\u00ba Encuentro Internacional de Educaci\u00f3n Inicial y Preescolar, la doctora Mar\u00eda Guadalupe Rodr\u00edguez, directora general de los Centros de Desarrollo Infantil (CENDI) del Frente Popular \u201cTierra y Libertad\u201d, lanz\u00f3 dicha petici\u00f3n.<\/p>\n\n\n\n<figure class=\"wp-block-image size-full\"><img loading=\"lazy\" decoding=\"async\" width=\"1024\" height=\"636\" src=\"http:\/\/diariodigitalmx.com\/wp-content\/uploads\/2023\/11\/IMG-20231109-WA0149.jpg\" alt=\"\" class=\"wp-image-109098\" srcset=\"https:\/\/diariodigitalmx.com\/wp-content\/uploads\/2023\/11\/IMG-20231109-WA0149.jpg 1024w, https:\/\/diariodigitalmx.com\/wp-content\/uploads\/2023\/11\/IMG-20231109-WA0149-300x186.jpg 300w, https:\/\/diariodigitalmx.com\/wp-content\/uploads\/2023\/11\/IMG-20231109-WA0149-768x477.jpg 768w\" sizes=\"(max-width: 1024px) 100vw, 1024px\" \/><\/figure>\n\n\n\n<p>Tambi\u00e9n pidi\u00f3 a los parlamentarios, a los agentes de gobierno y a la sociedad en su conjunto levantar la mano y decir \u00a1presente! para que la ni\u00f1ez tenga el mundo que se merece.<\/p>\n\n\n\n<p>En la inauguraci\u00f3n del Encuentro, donde 86 conferencistas nacionales y extranjeros deliberan sobre \u201cLos Retos de la Educaci\u00f3n Temprana en el Siglo XXI\u201d, exigi\u00f3 trabajar de manera sistem\u00e1tica, consistente, permanente y \u2018terca\u2019 por la primera infancia.<\/p>\n\n\n\n<figure class=\"wp-block-image size-full\"><img loading=\"lazy\" decoding=\"async\" width=\"872\" height=\"488\" src=\"http:\/\/diariodigitalmx.com\/wp-content\/uploads\/2023\/11\/IMG-20231109-WA0151.jpg\" alt=\"\" class=\"wp-image-109101\" srcset=\"https:\/\/diariodigitalmx.com\/wp-content\/uploads\/2023\/11\/IMG-20231109-WA0151.jpg 872w, https:\/\/diariodigitalmx.com\/wp-content\/uploads\/2023\/11\/IMG-20231109-WA0151-300x168.jpg 300w, https:\/\/diariodigitalmx.com\/wp-content\/uploads\/2023\/11\/IMG-20231109-WA0151-768x430.jpg 768w\" sizes=\"(max-width: 872px) 100vw, 872px\" \/><\/figure>\n\n\n\n<p>\u201cEs la \u00fanica manera de lograr resultados en la formaci\u00f3n y desarrollo integral de la ni\u00f1ez\u201d -dijo-, \u201cy aqu\u00ed estamos con el prop\u00f3sito de construir una nueva sociedad, porque un mundo mejor es posible\u201d.<\/p>\n\n\n\n<p>La declaratoria inaugural estuvo a cargo del maestro Jes\u00fas Homero Trujillo Flores, director de Primera Infancia, en representaci\u00f3n de la doctora Sof\u00edaleticia Morales Garza, secretaria de Educaci\u00f3n.<\/p>\n\n\n\n<p>En la apertura participaron Mar\u00eda Julia Garcete, directora del Instituto Interamericano del Ni\u00f1o, la Ni\u00f1a y Adolescentes de la OEA y Esthela Flores Tamez, a nombre de Luis Donaldo Colosio, alcalde de Monterrey.<\/p>\n\n\n\n<p>Adem\u00e1s, las ni\u00f1as Arantza Michelle Arellano Arg\u00fcello, Mar\u00eda Velianor Montes Fern\u00e1ndez y Jos\u00e9 Emilio Mendoza Hern\u00e1ndez, quien reclam\u00f3 \u201cen sus manos est\u00e1 el futuro de la infancia\u2026 de m\u00ed infancia\u201d.<\/p>\n\n\n\n<p>Previo al acto inaugural, la orquesta infantil del CENDI 13 \u2018Lev Vigotsky\u2019 interpret\u00f3 la \u201cSonata 11\u201d de Wolfgang Amadeus Mozart y la del CENDI 12 \u2018Jean Piaget\u2019 toc\u00f3 \u201cLa Primavera\u201d de Antonio Vivaldi.<\/p>\n","protected":false},"excerpt":{"rendered":"<p>Monterrey. &#8211; Mientras haya ni\u00f1as y ni\u00f1os en pobreza y desigualdad, con hambre y padeciendo guerras, excluidos y marginados, maltratados y violentados, las y los educadores infantiles tienen que levantar la mano y decir \u00a1presente! Ante m\u00e1s de mil participantes en el 23\u00ba Encuentro Internacional de Educaci\u00f3n Inicial y Preescolar, la doctora Mar\u00eda Guadalupe Rodr\u00edguez, [&hellip;]<\/p>\n","protected":false},"author":1,"featured_media":109094,"comment_status":"open","ping_status":"open","sticky":true,"template":"","format":"standard","meta":{"footnotes":""},"categories":[14,6],"tags":[],"_links":{"self":[{"href":"https:\/\/diariodigitalmx.com\/index.php\/wp-json\/wp\/v2\/posts\/109092"}],"collection":[{"href":"https:\/\/diariodigitalmx.com\/index.php\/wp-json\/wp\/v2\/posts"}],"about":[{"href":"https:\/\/diariodigitalmx.com\/index.php\/wp-json\/wp\/v2\/types\/post"}],"author":[{"embeddable":true,"href":"https:\/\/diariodigitalmx.com\/index.php\/wp-json\/wp\/v2\/users\/1"}],"replies":[{"embeddable":true,"href":"https:\/\/diariodigitalmx.com\/index.php\/wp-json\/wp\/v2\/comments?post=109092"}],"version-history":[{"count":5,"href":"https:\/\/diariodigitalmx.com\/index.php\/wp-json\/wp\/v2\/posts\/109092\/revisions"}],"predecessor-version":[{"id":109102,"href":"https:\/\/diariodigitalmx.com\/index.php\/wp-json\/wp\/v2\/posts\/109092\/revisions\/109102"}],"wp:featuredmedia":[{"embeddable":true,"href":"https:\/\/diariodigitalmx.com\/index.php\/wp-json\/wp\/v2\/media\/109094"}],"wp:attachment":[{"href":"https:\/\/diariodigitalmx.com\/index.php\/wp-json\/wp\/v2\/media?parent=109092"}],"wp:term":[{"taxonomy":"category","embeddable":true,"href":"https:\/\/diariodigitalmx.com\/index.php\/wp-json\/wp\/v2\/categories?post=109092"},{"taxonomy":"post_tag","embeddable":true,"href":"https:\/\/diariodigitalmx.com\/index.php\/wp-json\/wp\/v2\/tags?post=109092"}],"curies":[{"name":"wp","href":"https:\/\/api.w.org\/{rel}","templated":true}]}}