{"id":109139,"date":"2023-11-10T21:18:27","date_gmt":"2023-11-11T03:18:27","guid":{"rendered":"http:\/\/diariodigitalmx.com\/?p=109139"},"modified":"2023-11-10T21:19:11","modified_gmt":"2023-11-11T03:19:11","slug":"otra-vez-nl-asi-atacaron-base-de-fuerza-civil","status":"publish","type":"post","link":"https:\/\/diariodigitalmx.com\/index.php\/2023\/11\/10\/otra-vez-nl-asi-atacaron-base-de-fuerza-civil\/","title":{"rendered":"Otra vez NL, as\u00ed atacaron base de Fuerza Civil"},"content":{"rendered":"\n<p><br>Monterrey . &#8211; Hombres armados que viajaban en tres camionetas atacaron una base de la polic\u00eda estatal Fuerza Civil en el municipio conurbado de Apodaca, al norte de la zona metropolitana regiomontana con saldo de dos polic\u00edas lesionados y una patrulla da\u00f1ada.<\/p>\n\n\n\n<p>La Secretar\u00eda de Seguridad P\u00fablica estatal inform\u00f3 que los hechos fueron alrededor de las 6:20 horas en la base de esa corporaci\u00f3n ubicada sobre la Carretera Miguel Alem\u00e1n, entre el Anillo Perif\u00e9rico y el Bulevar al Aeropuerto, en los momentos en que se realizaba el cambio de turno del personal.<\/p>\n\n\n\n<p>De acuerdo al reporte, los hombres armados que iban en un convoy de tres camionetas, dos negras y una blanca, abrieron fuego contra el edificio, directamente al port\u00f3n donde cuestodiaban los polic\u00edas donde dispararon m\u00e1s de 20 ocasiones.<\/p>\n\n\n\n<p>Horas despu\u00e9s, Gerardo Palacio P\u00e1manes, titular de Seguridad P\u00fablica inform\u00f3 que se tiene identificados a los sujetos que atacaron las instalaciones, los que, dijo, huyeron al oriente hacia el municipiode Mar\u00edn.<\/p>\n\n\n\n<p>Confirm\u00f3 que hirieron de bala a dos elementos, uno de ellos con herida en el dorso de la mano izquierda con entrada y salida, sin perder la movilidad, el cual se encuentra en valoraci\u00f3n con un cirujano, y el otro, con una herida en la mano izquierda.<\/p>\n\n\n\n<p>El funcionario relat\u00f3 que cuando cambian de turno, los elementos hacen un protocolo de egresar primero una patrulla para brindar seguridad a los dem\u00e1s que van a salir.<\/p>\n\n\n\n<p>&#8220;Estos compa\u00f1eros salvaron al resto de los elementos que sal\u00edan a montar servicio, y por lo tanto, se les habr\u00e1 de reconocer por el sacrificio que hicieron para resguardar la integridad de todos los dem\u00e1s\u201d, agreg\u00f3.<\/p>\n\n\n\n<p>Interrogado sobre la identidad de los atacantes, al acudir a palacio de Gobierno, Palacios P\u00e1manes asegur\u00f3 solamente que pertenecen a un c\u00e1rtel que opera en el Pa\u00eds, y abund\u00f3 que los ataques se deben a una reacci\u00f3n de los grupos criminales que son disminuidos por la autoridad.<\/p>\n\n\n\n<p>\u201cAs\u00ed es, pertenecen a alg\u00fan c\u00e1rtel. Uno de los que Fuerza Civil m\u00e1s da\u00f1o y bajas ha destacado, este hecho hoy en la ma\u00f1ana es el \u00fanico, es concreto, pero tiene que ver con todos los golpes que Fuerza Civil le ha dado a ese grupo a lo largo de los \u00faltimos 15 meses\u201d, asever\u00f3.<\/p>\n\n\n\n<p>Tambi\u00e9n explic\u00f3 que mantienen la lucha contra la inseguridad, en donde el reacomodo de grupos del crimen organizado es provocado por los certeros golpes que les ha propinado Fuerza Civil, en coordinaci\u00f3n con las fuerzas federales.<\/p>\n\n\n\n<p>Los polic\u00edas lesionados fueron trasladados por param\u00e9dicos a un hospital donde son atendidos pero sus vidas no peligran.<\/p>\n\n\n\n<p>El personal del Instituto de Criminal\u00edstica y Servicios Periciales de la Fiscal\u00eda recab\u00f3 las evidencias, mientras llegaron al lugar agentes estatales de la Ministerial y elementos del Ej\u00e9rcito, que resguardan las instalaciones.<\/p>\n","protected":false},"excerpt":{"rendered":"<p>Monterrey . &#8211; Hombres armados que viajaban en tres camionetas atacaron una base de la polic\u00eda estatal Fuerza Civil en el municipio conurbado de Apodaca, al norte de la zona metropolitana regiomontana con saldo de dos polic\u00edas lesionados y una patrulla da\u00f1ada. La Secretar\u00eda de Seguridad P\u00fablica estatal inform\u00f3 que los hechos fueron alrededor de [&hellip;]<\/p>\n","protected":false},"author":1,"featured_media":109141,"comment_status":"open","ping_status":"open","sticky":true,"template":"","format":"standard","meta":{"footnotes":""},"categories":[14,6],"tags":[],"_links":{"self":[{"href":"https:\/\/diariodigitalmx.com\/index.php\/wp-json\/wp\/v2\/posts\/109139"}],"collection":[{"href":"https:\/\/diariodigitalmx.com\/index.php\/wp-json\/wp\/v2\/posts"}],"about":[{"href":"https:\/\/diariodigitalmx.com\/index.php\/wp-json\/wp\/v2\/types\/post"}],"author":[{"embeddable":true,"href":"https:\/\/diariodigitalmx.com\/index.php\/wp-json\/wp\/v2\/users\/1"}],"replies":[{"embeddable":true,"href":"https:\/\/diariodigitalmx.com\/index.php\/wp-json\/wp\/v2\/comments?post=109139"}],"version-history":[{"count":2,"href":"https:\/\/diariodigitalmx.com\/index.php\/wp-json\/wp\/v2\/posts\/109139\/revisions"}],"predecessor-version":[{"id":109142,"href":"https:\/\/diariodigitalmx.com\/index.php\/wp-json\/wp\/v2\/posts\/109139\/revisions\/109142"}],"wp:featuredmedia":[{"embeddable":true,"href":"https:\/\/diariodigitalmx.com\/index.php\/wp-json\/wp\/v2\/media\/109141"}],"wp:attachment":[{"href":"https:\/\/diariodigitalmx.com\/index.php\/wp-json\/wp\/v2\/media?parent=109139"}],"wp:term":[{"taxonomy":"category","embeddable":true,"href":"https:\/\/diariodigitalmx.com\/index.php\/wp-json\/wp\/v2\/categories?post=109139"},{"taxonomy":"post_tag","embeddable":true,"href":"https:\/\/diariodigitalmx.com\/index.php\/wp-json\/wp\/v2\/tags?post=109139"}],"curies":[{"name":"wp","href":"https:\/\/api.w.org\/{rel}","templated":true}]}}