{"id":109214,"date":"2023-11-12T01:04:02","date_gmt":"2023-11-12T07:04:02","guid":{"rendered":"http:\/\/diariodigitalmx.com\/?p=109214"},"modified":"2023-11-12T01:06:31","modified_gmt":"2023-11-12T07:06:31","slug":"karina-barron-y-francisco-cienfuegos-quieren-monterr","status":"publish","type":"post","link":"https:\/\/diariodigitalmx.com\/index.php\/2023\/11\/12\/karina-barron-y-francisco-cienfuegos-quieren-monterr\/","title":{"rendered":"Karina Barr\u00f3n y Francisco Cienfuegos quieren Monterrey; inicia la lucha por la capital regia en el PRI"},"content":{"rendered":"\n<figure class=\"wp-block-image size-large\"><img loading=\"lazy\" decoding=\"async\" width=\"1024\" height=\"682\" src=\"http:\/\/diariodigitalmx.com\/wp-content\/uploads\/2023\/11\/20231111_114846-1024x682.jpg\" alt=\"\" class=\"wp-image-109219\" srcset=\"https:\/\/diariodigitalmx.com\/wp-content\/uploads\/2023\/11\/20231111_114846-1024x682.jpg 1024w, https:\/\/diariodigitalmx.com\/wp-content\/uploads\/2023\/11\/20231111_114846-300x200.jpg 300w, https:\/\/diariodigitalmx.com\/wp-content\/uploads\/2023\/11\/20231111_114846-768x511.jpg 768w, https:\/\/diariodigitalmx.com\/wp-content\/uploads\/2023\/11\/20231111_114846-1536x1023.jpg 1536w, https:\/\/diariodigitalmx.com\/wp-content\/uploads\/2023\/11\/20231111_114846-2048x1364.jpg 2048w\" sizes=\"(max-width: 1024px) 100vw, 1024px\" \/><\/figure>\n\n\n\n<p>La legisladora federal Karina Barr\u00f3n, quien se autodestap\u00f3 y Francisco Cienfuegos, secretario de Enlace Legislativo del CEN del PRI, muestran inter\u00e9s por buscar la candidatura a la Alcald\u00eda de Monterrey.<\/p>\n\n\n\n<p>Caracterizada por iniciar su carrera pol\u00edtica en las filas del PAN, luego independiente, despu\u00e9s en Movimiento Ciudadano y ahora en el PRI, Barr\u00f3n Perales present\u00f3 un video en el que afirma que su sue\u00f1o ha sido siempre ser presidenta municipal.<\/p>\n\n\n\n<p>Despu\u00e9s, la diputada confirm\u00f3 a la prensa su sue\u00f1o.<\/p>\n\n\n\n<p>&#8220;Tengo desde el 2015 trabajando en la Ciudad de Monterrey y s\u00e9 que cuando t\u00fa te propones algo, lo vas a lograr, y veo un Monterrey con falta, con mucha inseguridad, la contaminaci\u00f3n est\u00e1 a todo lo que da, con el tr\u00e1fico, no hay movilidad, no hay una estrategia as\u00ed que me siento lista y preparada y levanto la mano claro que s\u00ed por buscar un sue\u00f1o de poder ayudar a los dem\u00e1s&#8221;.<\/p>\n\n\n\n<p>Dijo que esperar\u00e1 el tiempo de registro para continuar con el proceso que la llevar\u00eda a convertirse en candidata.<\/p>\n\n\n\n<p>A su vez Francisco Cienfuegos ex Alcalde del municipio de Guadalupe, ex diputado federal, de quien los grupos priistas lo sit\u00faan como el todo poderoso en las filas del Revolucionario Institucional, dej\u00f3 entrever que si desea ser edil de Monterrey, luego de que en el 2021 fue candidato perdedor.<\/p>\n\n\n\n<p>&#8220;Yo lo que les puedo decir es que hay Paco Cienfuegos para rato y que sin duda voy a estar en la boleta de 2024&#8243;, afirm\u00f3 el priista, Alcalde de Monterrey les aseguro que alg\u00fan d\u00eda voy a ser, ya veremos si es el 2024&#8221;, mencion\u00f3 a la prensa<\/p>\n\n\n\n<p>&#8220;A m\u00ed la ense\u00f1anza del 2021 me dej\u00f3 mucho porque es un aprendizaje donde yo he desarrollado que no ocupo un puesto p\u00fablico para poder identificar mi verdadera vocaci\u00f3n que es ser servidor p\u00fablico, servir al p\u00fablico, a la gente y yo les aseguro que hay Paco Cienfuegos para rato, que en 2024 vamos a estar participando desde la plataforma que sea, que decida mi partido, que decida el frente &#8220;.<\/p>\n\n\n\n<p>Cienfuegos ha sido se\u00f1alado por el gobernador Samuel Garc\u00eda de ostentar el poder en el PRI, y lo acusa de ser el orquestador del pleito que sostiene con los diputados de la oposici\u00f3n, aunque los se\u00f1alamientos del mandatario no son muy ortodoxos y lo califica con palabras ofensivas.<\/p>\n","protected":false},"excerpt":{"rendered":"<p>La legisladora federal Karina Barr\u00f3n, quien se autodestap\u00f3 y Francisco Cienfuegos, secretario de Enlace Legislativo del CEN del PRI, muestran inter\u00e9s por buscar la candidatura a la Alcald\u00eda de Monterrey. Caracterizada por iniciar su carrera pol\u00edtica en las filas del PAN, luego independiente, despu\u00e9s en Movimiento Ciudadano y ahora en el PRI, Barr\u00f3n Perales present\u00f3 [&hellip;]<\/p>\n","protected":false},"author":1,"featured_media":109217,"comment_status":"open","ping_status":"open","sticky":true,"template":"","format":"standard","meta":{"footnotes":""},"categories":[6,3],"tags":[],"_links":{"self":[{"href":"https:\/\/diariodigitalmx.com\/index.php\/wp-json\/wp\/v2\/posts\/109214"}],"collection":[{"href":"https:\/\/diariodigitalmx.com\/index.php\/wp-json\/wp\/v2\/posts"}],"about":[{"href":"https:\/\/diariodigitalmx.com\/index.php\/wp-json\/wp\/v2\/types\/post"}],"author":[{"embeddable":true,"href":"https:\/\/diariodigitalmx.com\/index.php\/wp-json\/wp\/v2\/users\/1"}],"replies":[{"embeddable":true,"href":"https:\/\/diariodigitalmx.com\/index.php\/wp-json\/wp\/v2\/comments?post=109214"}],"version-history":[{"count":3,"href":"https:\/\/diariodigitalmx.com\/index.php\/wp-json\/wp\/v2\/posts\/109214\/revisions"}],"predecessor-version":[{"id":109220,"href":"https:\/\/diariodigitalmx.com\/index.php\/wp-json\/wp\/v2\/posts\/109214\/revisions\/109220"}],"wp:featuredmedia":[{"embeddable":true,"href":"https:\/\/diariodigitalmx.com\/index.php\/wp-json\/wp\/v2\/media\/109217"}],"wp:attachment":[{"href":"https:\/\/diariodigitalmx.com\/index.php\/wp-json\/wp\/v2\/media?parent=109214"}],"wp:term":[{"taxonomy":"category","embeddable":true,"href":"https:\/\/diariodigitalmx.com\/index.php\/wp-json\/wp\/v2\/categories?post=109214"},{"taxonomy":"post_tag","embeddable":true,"href":"https:\/\/diariodigitalmx.com\/index.php\/wp-json\/wp\/v2\/tags?post=109214"}],"curies":[{"name":"wp","href":"https:\/\/api.w.org\/{rel}","templated":true}]}}