{"id":109290,"date":"2023-11-13T16:34:27","date_gmt":"2023-11-13T22:34:27","guid":{"rendered":"http:\/\/diariodigitalmx.com\/?p=109290"},"modified":"2023-11-13T16:35:03","modified_gmt":"2023-11-13T22:35:03","slug":"sexenio-de-amlo-el-mas-violento-supero-a-antecesores-coparmex-con-datos-oficiales","status":"publish","type":"post","link":"https:\/\/diariodigitalmx.com\/index.php\/2023\/11\/13\/sexenio-de-amlo-el-mas-violento-supero-a-antecesores-coparmex-con-datos-oficiales\/","title":{"rendered":"Sexenio de AMLO, el m\u00e1s violento, super\u00f3 a antecesores: Coparmex con datos oficiales"},"content":{"rendered":"\n<p>CDMX. &#8211; Con datos oficiales, el<br>sexenio de Andr\u00e9s Manuel L\u00f3pez Obrador ser\u00e1 el m\u00e1s violento de la historia, consider\u00f3 la Confederaci\u00f3n Patronal de la Rep\u00fablica Mexicana.<\/p>\n\n\n\n<p>Adem\u00e1s, en el Presupuesto de Egresos 2024 la seguridad no es prioridad, que aunque refleja un incremento de recursos para las Fuerzas Armadas, a la vez plantea una reducci\u00f3n para los cuerpos de seguridad civiles, expuso.<\/p>\n\n\n\n<p>&#8220;La herencia que dejar\u00e1 esta Administraci\u00f3n es que ser\u00e1 el sexenio m\u00e1s violento de la historia. Con datos oficiales del Secretariado Ejecutivo del Sistema de Seguridad P\u00fablica, tras los primeros 58 meses de esta Administraci\u00f3n, podemos aseverar que el saldo es alarmante, 134 mil 594 homicidios registrados en carpetas de investigaci\u00f3n, es un aumento de 50 por ciento a diferencia del sexenio anterior, cuando en el mismo lapso hab\u00eda 89 mil 860 carpetas por homicidio&#8221;, dijo Jos\u00e9 Medina Mora, presidente de la Coparmex.<\/p>\n\n\n\n<p>De acuerdo a esas cifras oficiales, abund\u00f3 que M\u00e9xico vive una crisis sin precedentes, y en los primeros 58 meses de la Administraci\u00f3n se contabilizaron 134 mil 594 homicidios registrados en carpetas de investigaci\u00f3n.<\/p>\n\n\n\n<p>La cifra es 50 por ciento mayor respecto al mismo periodo del Gobierno anterior; de enero a septiembre de este a\u00f1o, mil 955 mujeres han perdido la vida, es decir, 10 v\u00edctimas al d\u00eda en promedio.<\/p>\n\n\n\n<p>&#8220;Si bien se identifica una reducci\u00f3n en la tendencia en estos delitos, \u00e9sta es marginal. No podemos estar satisfechos con una reducci\u00f3n de 3.4 por ciento de asesinatos, donde se engloban homicidios y feminicidios. Son 85 homicidios al d\u00eda&#8221;, a\u00f1adi\u00f3.<\/p>\n","protected":false},"excerpt":{"rendered":"<p>CDMX. &#8211; Con datos oficiales, elsexenio de Andr\u00e9s Manuel L\u00f3pez Obrador ser\u00e1 el m\u00e1s violento de la historia, consider\u00f3 la Confederaci\u00f3n Patronal de la Rep\u00fablica Mexicana. Adem\u00e1s, en el Presupuesto de Egresos 2024 la seguridad no es prioridad, que aunque refleja un incremento de recursos para las Fuerzas Armadas, a la vez plantea una reducci\u00f3n [&hellip;]<\/p>\n","protected":false},"author":1,"featured_media":109292,"comment_status":"open","ping_status":"open","sticky":true,"template":"","format":"standard","meta":{"footnotes":""},"categories":[2,3],"tags":[],"_links":{"self":[{"href":"https:\/\/diariodigitalmx.com\/index.php\/wp-json\/wp\/v2\/posts\/109290"}],"collection":[{"href":"https:\/\/diariodigitalmx.com\/index.php\/wp-json\/wp\/v2\/posts"}],"about":[{"href":"https:\/\/diariodigitalmx.com\/index.php\/wp-json\/wp\/v2\/types\/post"}],"author":[{"embeddable":true,"href":"https:\/\/diariodigitalmx.com\/index.php\/wp-json\/wp\/v2\/users\/1"}],"replies":[{"embeddable":true,"href":"https:\/\/diariodigitalmx.com\/index.php\/wp-json\/wp\/v2\/comments?post=109290"}],"version-history":[{"count":1,"href":"https:\/\/diariodigitalmx.com\/index.php\/wp-json\/wp\/v2\/posts\/109290\/revisions"}],"predecessor-version":[{"id":109291,"href":"https:\/\/diariodigitalmx.com\/index.php\/wp-json\/wp\/v2\/posts\/109290\/revisions\/109291"}],"wp:featuredmedia":[{"embeddable":true,"href":"https:\/\/diariodigitalmx.com\/index.php\/wp-json\/wp\/v2\/media\/109292"}],"wp:attachment":[{"href":"https:\/\/diariodigitalmx.com\/index.php\/wp-json\/wp\/v2\/media?parent=109290"}],"wp:term":[{"taxonomy":"category","embeddable":true,"href":"https:\/\/diariodigitalmx.com\/index.php\/wp-json\/wp\/v2\/categories?post=109290"},{"taxonomy":"post_tag","embeddable":true,"href":"https:\/\/diariodigitalmx.com\/index.php\/wp-json\/wp\/v2\/tags?post=109290"}],"curies":[{"name":"wp","href":"https:\/\/api.w.org\/{rel}","templated":true}]}}