{"id":109293,"date":"2023-11-13T16:56:04","date_gmt":"2023-11-13T22:56:04","guid":{"rendered":"http:\/\/diariodigitalmx.com\/?p=109293"},"modified":"2023-11-13T17:01:46","modified_gmt":"2023-11-13T23:01:46","slug":"se-vale-rectificar-la-respuesta-de-samuel-garcia-al-incumplir-promesa-de-no-dejar-nl","status":"publish","type":"post","link":"https:\/\/diariodigitalmx.com\/index.php\/2023\/11\/13\/se-vale-rectificar-la-respuesta-de-samuel-garcia-al-incumplir-promesa-de-no-dejar-nl\/","title":{"rendered":"&#8220;Se vale rectificar&#8221;, la respuesta de Samuel Garc\u00eda al incumplir promesa de no dejar NL"},"content":{"rendered":"\n<p>CDMX.- &#8220;Se vale rectificar&#8221;, es la respuesta que Samuel Garc\u00eda dio sobre promesa incumplida de estar en Nuevo Le\u00f3n los seis a\u00f1os como gobernador y no irse como su antecesor &#8220;El Bronco&#8221;, en busca de la presidencia de la Rep\u00fablica.<\/p>\n\n\n\n<p>As\u00ed le respondi\u00f3 el precandidato de MC a la periodista Carmen Aristegui en<br>en el programa &#8220;Aristegui en Vivo&#8221;.<\/p>\n\n\n\n<p>&#8220;Se vale rectificar, por supuesto, siempre que sea por un bien mayor y no un capricho&#8221;, dijo.<\/p>\n\n\n\n<p>&#8220;En mi caso yo creo firmemente, y por el cual yo rectifico, que a Nuevo Le\u00f3n le va ir mucho mejor con un Presidente regio, porque aunque hemos logrado resolver muchos temas, hay otros que \u00fanicamente los resuelve la Federaci\u00f3n&#8221;.<\/p>\n\n\n\n<p>Garc\u00eda prometi\u00f3 al asumir la gubernatura estar los seis a\u00f1os en Nuevo Le\u00f3n, que no se ir\u00eda como su antecesor Jaime Rodr\u00edguez, pero ahora cambi\u00f3 de opini\u00f3n, mientras el estado est\u00e1 en una crisis pol\u00edtica, de inseguridad, transporte, agua y contaminaci\u00f3n ambiental.<\/p>\n","protected":false},"excerpt":{"rendered":"<p>CDMX.- &#8220;Se vale rectificar&#8221;, es la respuesta que Samuel Garc\u00eda dio sobre promesa incumplida de estar en Nuevo Le\u00f3n los seis a\u00f1os como gobernador y no irse como su antecesor &#8220;El Bronco&#8221;, en busca de la presidencia de la Rep\u00fablica. As\u00ed le respondi\u00f3 el precandidato de MC a la periodista Carmen Aristegui enen el programa [&hellip;]<\/p>\n","protected":false},"author":1,"featured_media":109295,"comment_status":"open","ping_status":"open","sticky":true,"template":"","format":"standard","meta":{"footnotes":""},"categories":[2,3],"tags":[],"_links":{"self":[{"href":"https:\/\/diariodigitalmx.com\/index.php\/wp-json\/wp\/v2\/posts\/109293"}],"collection":[{"href":"https:\/\/diariodigitalmx.com\/index.php\/wp-json\/wp\/v2\/posts"}],"about":[{"href":"https:\/\/diariodigitalmx.com\/index.php\/wp-json\/wp\/v2\/types\/post"}],"author":[{"embeddable":true,"href":"https:\/\/diariodigitalmx.com\/index.php\/wp-json\/wp\/v2\/users\/1"}],"replies":[{"embeddable":true,"href":"https:\/\/diariodigitalmx.com\/index.php\/wp-json\/wp\/v2\/comments?post=109293"}],"version-history":[{"count":2,"href":"https:\/\/diariodigitalmx.com\/index.php\/wp-json\/wp\/v2\/posts\/109293\/revisions"}],"predecessor-version":[{"id":109296,"href":"https:\/\/diariodigitalmx.com\/index.php\/wp-json\/wp\/v2\/posts\/109293\/revisions\/109296"}],"wp:featuredmedia":[{"embeddable":true,"href":"https:\/\/diariodigitalmx.com\/index.php\/wp-json\/wp\/v2\/media\/109295"}],"wp:attachment":[{"href":"https:\/\/diariodigitalmx.com\/index.php\/wp-json\/wp\/v2\/media?parent=109293"}],"wp:term":[{"taxonomy":"category","embeddable":true,"href":"https:\/\/diariodigitalmx.com\/index.php\/wp-json\/wp\/v2\/categories?post=109293"},{"taxonomy":"post_tag","embeddable":true,"href":"https:\/\/diariodigitalmx.com\/index.php\/wp-json\/wp\/v2\/tags?post=109293"}],"curies":[{"name":"wp","href":"https:\/\/api.w.org\/{rel}","templated":true}]}}