{"id":109315,"date":"2023-11-14T00:04:30","date_gmt":"2023-11-14T06:04:30","guid":{"rendered":"http:\/\/diariodigitalmx.com\/?p=109315"},"modified":"2023-11-14T00:05:13","modified_gmt":"2023-11-14T06:05:13","slug":"alianza-juvenil","status":"publish","type":"post","link":"https:\/\/diariodigitalmx.com\/index.php\/2023\/11\/14\/alianza-juvenil\/","title":{"rendered":"Alianza juvenil"},"content":{"rendered":"\n<p><br>\u00d3scar Tamez Rodr\u00edguez<br>Alianza juvenil es una agrupaci\u00f3n de j\u00f3venes estudiantes entre secundaria y facultad, predominantemente preparatoria. El com\u00fan denominador es que todos est\u00e1n interesados en el desarrollo humano personal.<br>Conoc\u00ed a su presidente Mauricio Salinas S\u00e1nchez en un evento de Historia a debate al cual asisti\u00f3. Ten\u00eda inter\u00e9s por conocer la din\u00e1mica sobre c\u00f3mo trabajamos el debate en contenidos hist\u00f3ricos, adem\u00e1s de la motivaci\u00f3n por el tema de la democracia que fue el tratado en aquella ocasi\u00f3n.<br>\u00bfQu\u00e9 hacen en alianza juvenil? Pregunta obligada, sobre todo en tiempos preelectorales donde los j\u00f3venes tendr\u00e1n un papel protag\u00f3nico en las elecciones del 2 de junio de 2024.<br>La respuesta de Salinas S\u00e1nchez es que trabajan en cursos de oratoria y debate, herramientas que consideran fundamentales para el desarrollo personal y profesional, pero adem\u00e1s, que les permite informarse mejor de la pol\u00edtica y la democracia.<br>\u201cTodo surge porque los amigos al juntarnos hablamos de pol\u00edtica y coincidimos que hay mucha informaci\u00f3n y muchas fakenews, pero lo m\u00e1s importante, que los j\u00f3venes debemos saber preguntar e informarnos apropiadamente\u201d, coment\u00f3 el presidente de la agrupaci\u00f3n.<br>Requerimos de la oratoria pues los j\u00f3venes tambi\u00e9n tenemos mucho qu\u00e9 expresar y aportar, por ello, expresarnos, argumentar, sustentar en forma apropiada, son elementos indispensables para la comunicaci\u00f3n, agreg\u00f3 Salinas.<br>Al ingresar a su sitio web www.alianzajuvenil.com.mx leo que su visi\u00f3n contempla la formaci\u00f3n de una comunidad de oradores y l\u00edderes j\u00f3venes. Para ello organizan talleres, cursos, seminarios y concursos.<br>Tienen claro su objetivo, la formaci\u00f3n de liderazgos juveniles sin la presencia de los partidos pol\u00edticos ni agrupaciones ya identificadas con la pol\u00edtica partidista-electoral.<br>Es alentador saber que estudiantes entre 15 y 20 a\u00f1os buscan dedicar su tiempo libre en la formaci\u00f3n personal, en aprender de las herramientas comunicacionales del debate y la oratoria como medio para fortalecer sus liderazgos escolares y en el entorno.<br>Los cursos y talleres, as\u00ed como los concursos de debate y oratoria son coordinados por los mismos j\u00f3venes, con recursos propios e invitando a amigos a que les apoyen con alguna conferencia, tallero o curso.<br>Seg\u00fan nos comparti\u00f3 Mauricio Salinas, han participado como grupo en diversos cert\u00e1menes locales y nacionales de oratoria y debate, donde primero se capacitan, entre otras, en t\u00e9cnicas de argumentaci\u00f3n y persuasi\u00f3n.<br>Entre sus instructores se encuentran Fabi\u00e1n David R\u00edos quien es actualmente campe\u00f3n iberoamericano de oratoria y 16 veces campe\u00f3n nacional de la misma disciplina, adem\u00e1s de Ren\u00e9 Ibraham Cardona quien es 6 veces campe\u00f3n de oratoria y debate, adem\u00e1s de campe\u00f3n de \u201cM\u00e9xico tiene la palabra, 2020\u201d.<br>El grupo supera las y los 20 participantes en Alianza juvenil. Al escuchar la pasi\u00f3n y convencimiento con la que se expresan de su formaci\u00f3n en el debate y la oratoria, se confirma que tienen claridad en sus objetivos y certeza en el rumbo.<br>La pregunta obligada, \u00bfCon qu\u00e9 partido o candidato simpatizas t\u00fa o como grupo? La respuesta fue enriquecedora: \u201cantes de pensar en un partido o candidato debemos crecer nosotros, conocer m\u00e1s de nuestro sistema democr\u00e1tico y de la importancia del voto, tanto en elecciones como en mecanismos de democracia participativa\u201d.<br>Mucho se habla de la participaci\u00f3n de la juventud en las pr\u00f3ximas elecciones. Seg\u00fan datos del INE, actualmente hay 97 millones 489,233 electores en la lista nominal; de ellos, 24 millones 077,317 electores tienen entre 18 y 29 a\u00f1os, \u00a1un estrato que puede ser el fiel de la balanza!<\/p>\n","protected":false},"excerpt":{"rendered":"<p>\u00d3scar Tamez Rodr\u00edguezAlianza juvenil es una agrupaci\u00f3n de j\u00f3venes estudiantes entre secundaria y facultad, predominantemente preparatoria. El com\u00fan denominador es que todos est\u00e1n interesados en el desarrollo humano personal.Conoc\u00ed a su presidente Mauricio Salinas S\u00e1nchez en un evento de Historia a debate al cual asisti\u00f3. Ten\u00eda inter\u00e9s por conocer la din\u00e1mica sobre c\u00f3mo trabajamos el [&hellip;]<\/p>\n","protected":false},"author":1,"featured_media":109317,"comment_status":"open","ping_status":"open","sticky":true,"template":"","format":"standard","meta":{"footnotes":""},"categories":[14,12],"tags":[],"_links":{"self":[{"href":"https:\/\/diariodigitalmx.com\/index.php\/wp-json\/wp\/v2\/posts\/109315"}],"collection":[{"href":"https:\/\/diariodigitalmx.com\/index.php\/wp-json\/wp\/v2\/posts"}],"about":[{"href":"https:\/\/diariodigitalmx.com\/index.php\/wp-json\/wp\/v2\/types\/post"}],"author":[{"embeddable":true,"href":"https:\/\/diariodigitalmx.com\/index.php\/wp-json\/wp\/v2\/users\/1"}],"replies":[{"embeddable":true,"href":"https:\/\/diariodigitalmx.com\/index.php\/wp-json\/wp\/v2\/comments?post=109315"}],"version-history":[{"count":1,"href":"https:\/\/diariodigitalmx.com\/index.php\/wp-json\/wp\/v2\/posts\/109315\/revisions"}],"predecessor-version":[{"id":109316,"href":"https:\/\/diariodigitalmx.com\/index.php\/wp-json\/wp\/v2\/posts\/109315\/revisions\/109316"}],"wp:featuredmedia":[{"embeddable":true,"href":"https:\/\/diariodigitalmx.com\/index.php\/wp-json\/wp\/v2\/media\/109317"}],"wp:attachment":[{"href":"https:\/\/diariodigitalmx.com\/index.php\/wp-json\/wp\/v2\/media?parent=109315"}],"wp:term":[{"taxonomy":"category","embeddable":true,"href":"https:\/\/diariodigitalmx.com\/index.php\/wp-json\/wp\/v2\/categories?post=109315"},{"taxonomy":"post_tag","embeddable":true,"href":"https:\/\/diariodigitalmx.com\/index.php\/wp-json\/wp\/v2\/tags?post=109315"}],"curies":[{"name":"wp","href":"https:\/\/api.w.org\/{rel}","templated":true}]}}