{"id":109321,"date":"2023-11-14T00:21:12","date_gmt":"2023-11-14T06:21:12","guid":{"rendered":"http:\/\/diariodigitalmx.com\/?p=109321"},"modified":"2023-11-14T00:21:46","modified_gmt":"2023-11-14T06:21:46","slug":"contra-todo-pronostico-joaquin-sabina-2023","status":"publish","type":"post","link":"https:\/\/diariodigitalmx.com\/index.php\/2023\/11\/14\/contra-todo-pronostico-joaquin-sabina-2023\/","title":{"rendered":"Contra todo pron\u00f3stico: Joaqu\u00edn Sabina 2023"},"content":{"rendered":"\n<p><br>Gerson G\u00f3mez Salas<br>Para las 21:10 horas, cuando el int\u00e9rprete espa\u00f1ol Joaqu\u00edn Sabina se sent\u00f3 en el banquillo alto, le tendieron la guitarra.<br>La sonrisa cansina del concierto n\u00famero 51 de la gira internacional. Sabina pas\u00f3 de alto el tronido ensordecedor de la consola. Nosotros, las v\u00edctimas, el sold out en la Arena Monterrey, lo ve\u00edamos absortos.<br>Sus m\u00fasicos y quienes estaban en el escenario siguieron su carrera. El staff casi a terminar el tema se acerc\u00f3 a su o\u00eddo. Sabina entreg\u00f3 la guitarra y sali\u00f3. Le siguieron todos los acompa\u00f1antes.<br>Luz apagada.<br>Encendieron las pantallas de apoyo. Joaqu\u00edn Sabina: Contra todo pron\u00f3stico.<br>Cuarenta minutos en stand by. Se quem\u00f3 toda la l\u00ednea de salida de audio. Fueron por el repuesto a la bodega.<br>El ingeniero de audio oficial de Joaqu\u00edn esta ausente por enfermedad. Los suplentes, nerviosos e inexpertos, dieron su propio acto central.<br>Para las 21:50, Sabina regres\u00f3.<br>Cuando era m\u00e1s joven, Sinti\u00e9ndolo mucho, Lo niego todo, Mentiras piadosas, L\u00e1grimas de m\u00e1rmol, Cuando aprieta el fr\u00edo, Por el bulevar de los sue\u00f1os rotos, Llueve sobre mojado (Sabina y P\u00e1ez cover), Yo quiero ser una chica Almod\u00f3var, La canci\u00f3n m\u00e1s hermosa del mundo, Tan joven y tan viejo, A la orilla de la chimenea, Una canci\u00f3n para la Magdalena, 19 d\u00edas y 500 noches, Peces de ciudad, Y sin embargo, Princesa, El caso de la rubia platino, Contigo, Noches de boda \/ Y nos dieron las diez.<br>Joaqu\u00edn Ram\u00f3n Mart\u00ednez Sabina (\u00dabeda, 12 de febrero de 1949), conocido como Joaqu\u00edn Sabina, el cantautor, poeta y pintor espa\u00f1ol, se despidi\u00f3, como lo hacen los grandes. Con melod\u00edas entra\u00f1ables. Dej\u00f3 la coleta del gran artista. Para una generaci\u00f3n belicosa, enana y carente de inteligencia emocional.<\/p>\n","protected":false},"excerpt":{"rendered":"<p>Gerson G\u00f3mez SalasPara las 21:10 horas, cuando el int\u00e9rprete espa\u00f1ol Joaqu\u00edn Sabina se sent\u00f3 en el banquillo alto, le tendieron la guitarra.La sonrisa cansina del concierto n\u00famero 51 de la gira internacional. Sabina pas\u00f3 de alto el tronido ensordecedor de la consola. Nosotros, las v\u00edctimas, el sold out en la Arena Monterrey, lo ve\u00edamos absortos.Sus [&hellip;]<\/p>\n","protected":false},"author":1,"featured_media":109323,"comment_status":"open","ping_status":"open","sticky":true,"template":"","format":"standard","meta":{"footnotes":""},"categories":[14,9],"tags":[],"_links":{"self":[{"href":"https:\/\/diariodigitalmx.com\/index.php\/wp-json\/wp\/v2\/posts\/109321"}],"collection":[{"href":"https:\/\/diariodigitalmx.com\/index.php\/wp-json\/wp\/v2\/posts"}],"about":[{"href":"https:\/\/diariodigitalmx.com\/index.php\/wp-json\/wp\/v2\/types\/post"}],"author":[{"embeddable":true,"href":"https:\/\/diariodigitalmx.com\/index.php\/wp-json\/wp\/v2\/users\/1"}],"replies":[{"embeddable":true,"href":"https:\/\/diariodigitalmx.com\/index.php\/wp-json\/wp\/v2\/comments?post=109321"}],"version-history":[{"count":1,"href":"https:\/\/diariodigitalmx.com\/index.php\/wp-json\/wp\/v2\/posts\/109321\/revisions"}],"predecessor-version":[{"id":109322,"href":"https:\/\/diariodigitalmx.com\/index.php\/wp-json\/wp\/v2\/posts\/109321\/revisions\/109322"}],"wp:featuredmedia":[{"embeddable":true,"href":"https:\/\/diariodigitalmx.com\/index.php\/wp-json\/wp\/v2\/media\/109323"}],"wp:attachment":[{"href":"https:\/\/diariodigitalmx.com\/index.php\/wp-json\/wp\/v2\/media?parent=109321"}],"wp:term":[{"taxonomy":"category","embeddable":true,"href":"https:\/\/diariodigitalmx.com\/index.php\/wp-json\/wp\/v2\/categories?post=109321"},{"taxonomy":"post_tag","embeddable":true,"href":"https:\/\/diariodigitalmx.com\/index.php\/wp-json\/wp\/v2\/tags?post=109321"}],"curies":[{"name":"wp","href":"https:\/\/api.w.org\/{rel}","templated":true}]}}