{"id":109333,"date":"2023-11-14T08:00:43","date_gmt":"2023-11-14T14:00:43","guid":{"rendered":"http:\/\/diariodigitalmx.com\/?p=109333"},"modified":"2023-11-14T08:06:25","modified_gmt":"2023-11-14T14:06:25","slug":"navarro-desafia-a-la-corte-y-salinas-acepta-decision-de-echar-abajo-a-los-dos-gobernadores-interinos-en-nl","status":"publish","type":"post","link":"https:\/\/diariodigitalmx.com\/index.php\/2023\/11\/14\/navarro-desafia-a-la-corte-y-salinas-acepta-decision-de-echar-abajo-a-los-dos-gobernadores-interinos-en-nl\/","title":{"rendered":"Navarro desaf\u00eda a la Corte y Salinas acepta decisi\u00f3n de echar abajo a los dos gobernadores interinos en NL"},"content":{"rendered":"\n<figure class=\"wp-block-image size-full\"><img loading=\"lazy\" decoding=\"async\" width=\"853\" height=\"853\" src=\"http:\/\/diariodigitalmx.com\/wp-content\/uploads\/2023\/11\/IMG_20231026_102427_462.jpg\" alt=\"\" class=\"wp-image-109338\" srcset=\"https:\/\/diariodigitalmx.com\/wp-content\/uploads\/2023\/11\/IMG_20231026_102427_462.jpg 853w, https:\/\/diariodigitalmx.com\/wp-content\/uploads\/2023\/11\/IMG_20231026_102427_462-300x300.jpg 300w, https:\/\/diariodigitalmx.com\/wp-content\/uploads\/2023\/11\/IMG_20231026_102427_462-150x150.jpg 150w, https:\/\/diariodigitalmx.com\/wp-content\/uploads\/2023\/11\/IMG_20231026_102427_462-768x768.jpg 768w\" sizes=\"(max-width: 853px) 100vw, 853px\" \/><\/figure>\n\n\n\n<p>Monterrey . &#8211; Mientras que el secretario general de Gobierno, Javier Navarro se aferra a ser gobernador interino, Jos\u00e9 Arturo Salinas,acept\u00f3 el fallo de la Suprema Corte de Justicia y que sea el Congreso local quien nombre al sustituto de Samuel Garc\u00eda, que deja la gubernatura para ir en busca de la presidencia de la Rep\u00fablica.<\/p>\n\n\n\n<p>El secretario de Gobierno afirma que ni hay una resoluci\u00f3n en firme e insiste que es aplicable la suspensi\u00f3n definitiva que le concedi\u00f3 el Juez S\u00e9ptimo de Distrito en Reynosa, Juan Fernando Alvarado, para que quede al frente del despacho.<\/p>\n\n\n\n<p>&#8220;En la controversia constitucional se dirimen controversias entre dos poderes por invasi\u00f3n de facultades o competencias y eso es lo que est\u00e1 resolviendo ahorita la suspensi\u00f3n el ministro Laynez&#8221;, dijo.<\/p>\n\n\n\n<p>&#8220;El juez de Distrito lo que est\u00e1 juzgando es algo totalmente distinto, son derechos constituidos de otra manera y a otras personas, que en este caso soy yo como funcionario p\u00fablico y como persona f\u00edsica, que as\u00ed es como est\u00e1 pedido el amparo&#8221;.<\/p>\n\n\n\n<p>Navarro se aferra a ser gobernador pese a que el Art\u00edculo 122 de la Constituci\u00f3n de Nuevo Le\u00f3n dice que es el Congreso quien debe nombrar interino cuando la licencia es mayor a 30 d\u00edas o hasta seis meses, y se ci\u00f1e al juez de Tamaulipas.<br>&#8220;Ya llegando el 2 de diciembre, con la suspensi\u00f3n que debe de respetar el Congreso, yo ya entrar\u00eda a partir de esa fecha, ahora s\u00ed de manera continua, derivado de la licencia&#8221;.<\/p>\n\n\n\n<p>Por su parte, Arturo Salinas acepto la resoluci\u00f3n del ministro Laynez<\/p>\n\n\n\n<p>&#8220;Soy un hombre de ley y que respeta las leyes y a las autoridades por encima de cualquier opini\u00f3n o inter\u00e9s personal&#8221;, reaccion\u00f3 en un video.<\/p>\n\n\n\n<p>&#8220;Respeto la resoluci\u00f3n del Ministro de la Suprema Corte de Justicia de la Naci\u00f3n, Javier Laynez Potisek y los alcances de la misma. Cuenten conmigo, sigo firme en mi convicci\u00f3n de crear acuerdos, fomentar el di\u00e1logo y trabajar para regresarle a Nuevo Le\u00f3n la paz y gobernabilidad que necesitamos como sociedad&#8221;.<\/p>\n","protected":false},"excerpt":{"rendered":"<p>Monterrey . &#8211; Mientras que el secretario general de Gobierno, Javier Navarro se aferra a ser gobernador interino, Jos\u00e9 Arturo Salinas,acept\u00f3 el fallo de la Suprema Corte de Justicia y que sea el Congreso local quien nombre al sustituto de Samuel Garc\u00eda, que deja la gubernatura para ir en busca de la presidencia de la [&hellip;]<\/p>\n","protected":false},"author":1,"featured_media":109336,"comment_status":"open","ping_status":"open","sticky":true,"template":"","format":"standard","meta":{"footnotes":""},"categories":[6,3],"tags":[],"_links":{"self":[{"href":"https:\/\/diariodigitalmx.com\/index.php\/wp-json\/wp\/v2\/posts\/109333"}],"collection":[{"href":"https:\/\/diariodigitalmx.com\/index.php\/wp-json\/wp\/v2\/posts"}],"about":[{"href":"https:\/\/diariodigitalmx.com\/index.php\/wp-json\/wp\/v2\/types\/post"}],"author":[{"embeddable":true,"href":"https:\/\/diariodigitalmx.com\/index.php\/wp-json\/wp\/v2\/users\/1"}],"replies":[{"embeddable":true,"href":"https:\/\/diariodigitalmx.com\/index.php\/wp-json\/wp\/v2\/comments?post=109333"}],"version-history":[{"count":2,"href":"https:\/\/diariodigitalmx.com\/index.php\/wp-json\/wp\/v2\/posts\/109333\/revisions"}],"predecessor-version":[{"id":109339,"href":"https:\/\/diariodigitalmx.com\/index.php\/wp-json\/wp\/v2\/posts\/109333\/revisions\/109339"}],"wp:featuredmedia":[{"embeddable":true,"href":"https:\/\/diariodigitalmx.com\/index.php\/wp-json\/wp\/v2\/media\/109336"}],"wp:attachment":[{"href":"https:\/\/diariodigitalmx.com\/index.php\/wp-json\/wp\/v2\/media?parent=109333"}],"wp:term":[{"taxonomy":"category","embeddable":true,"href":"https:\/\/diariodigitalmx.com\/index.php\/wp-json\/wp\/v2\/categories?post=109333"},{"taxonomy":"post_tag","embeddable":true,"href":"https:\/\/diariodigitalmx.com\/index.php\/wp-json\/wp\/v2\/tags?post=109333"}],"curies":[{"name":"wp","href":"https:\/\/api.w.org\/{rel}","templated":true}]}}