{"id":109349,"date":"2023-11-14T17:55:12","date_gmt":"2023-11-14T23:55:12","guid":{"rendered":"http:\/\/diariodigitalmx.com\/?p=109349"},"modified":"2023-11-14T17:56:41","modified_gmt":"2023-11-14T23:56:41","slug":"promueve-escobedo-programa-nacional-de-reclutamiento-de-policias","status":"publish","type":"post","link":"https:\/\/diariodigitalmx.com\/index.php\/2023\/11\/14\/promueve-escobedo-programa-nacional-de-reclutamiento-de-policias\/","title":{"rendered":"Promueve Escobedo Programa Nacional de Reclutamiento de Polic\u00edas"},"content":{"rendered":"\n<p><br>A fin de fortalecer las corporaciones polic\u00edacas del Pa\u00eds, el Alcalde Andr\u00e9s Mijes promovi\u00f3 el Programa Nacional de Reclutamiento Policial, en el que se homologan criterios de selecci\u00f3n para apostar a los mejores perfiles.<\/p>\n\n\n\n<p>En la m\u00e1s reciente reuni\u00f3n de la Conferencia Nacional de Seguridad P\u00fablica Municipal, Andr\u00e9s Mijes, como Presidente de la Comisi\u00f3n Permanente de Desarrollo Policial propuso el nuevo programa de selecci\u00f3n de talentos policiacos, que establece par\u00e1metros, requisitos, indicadores de permanencia y mecanismos de selecci\u00f3n estrictos pero flexibles.<\/p>\n\n\n\n<figure class=\"wp-block-image size-large\"><img loading=\"lazy\" decoding=\"async\" width=\"1024\" height=\"576\" src=\"http:\/\/diariodigitalmx.com\/wp-content\/uploads\/2023\/11\/LUAV9449.MP4.03_46_26_01.Imagen-fija001-1024x576.jpg\" alt=\"\" class=\"wp-image-109352\" srcset=\"https:\/\/diariodigitalmx.com\/wp-content\/uploads\/2023\/11\/LUAV9449.MP4.03_46_26_01.Imagen-fija001-1024x576.jpg 1024w, https:\/\/diariodigitalmx.com\/wp-content\/uploads\/2023\/11\/LUAV9449.MP4.03_46_26_01.Imagen-fija001-300x169.jpg 300w, https:\/\/diariodigitalmx.com\/wp-content\/uploads\/2023\/11\/LUAV9449.MP4.03_46_26_01.Imagen-fija001-768x432.jpg 768w, https:\/\/diariodigitalmx.com\/wp-content\/uploads\/2023\/11\/LUAV9449.MP4.03_46_26_01.Imagen-fija001-1536x864.jpg 1536w, https:\/\/diariodigitalmx.com\/wp-content\/uploads\/2023\/11\/LUAV9449.MP4.03_46_26_01.Imagen-fija001.jpg 1920w\" sizes=\"(max-width: 1024px) 100vw, 1024px\" \/><\/figure>\n\n\n\n<p>\u201cEl objetivo de este programa es claro: lograr el incremento del estado de la fuerza en las corporaciones municipales a trav\u00e9s del reclutamiento y selecci\u00f3n de polic\u00edas, en aras de garantizar que las instituciones de seguridad p\u00fablica cuenten con los efectivos necesarios para el desempe\u00f1o de sus labores\u201d.<\/p>\n\n\n\n<p>\u201cTenemos claro que no estamos hablando \u00fanicamente de alcanzar un n\u00famero, la meta es contar con elementos con el perfil requerido, que est\u00e9n capacitados y con vocaci\u00f3n de servicio\u201d, refri\u00f3 el Alcalde de Escobedo.<\/p>\n\n\n\n<p>El Programa Nacional de Reclutamiento Policial comenzar\u00e1 a partir del 1 de febrero del pr\u00f3ximo a\u00f1o hasta el 31 de agosto, con lo que en este ultimo mes del 2023 se trabajar\u00e1 para darle difusi\u00f3n a la convocatoria y definir las bases.<\/p>\n\n\n\n<figure class=\"wp-block-image size-large\"><img loading=\"lazy\" decoding=\"async\" width=\"1024\" height=\"576\" src=\"http:\/\/diariodigitalmx.com\/wp-content\/uploads\/2023\/11\/LUAV9453.MP4.03_47_35_01.Imagen-fija001-1024x576.jpg\" alt=\"\" class=\"wp-image-109354\" srcset=\"https:\/\/diariodigitalmx.com\/wp-content\/uploads\/2023\/11\/LUAV9453.MP4.03_47_35_01.Imagen-fija001-1024x576.jpg 1024w, https:\/\/diariodigitalmx.com\/wp-content\/uploads\/2023\/11\/LUAV9453.MP4.03_47_35_01.Imagen-fija001-300x169.jpg 300w, https:\/\/diariodigitalmx.com\/wp-content\/uploads\/2023\/11\/LUAV9453.MP4.03_47_35_01.Imagen-fija001-768x432.jpg 768w, https:\/\/diariodigitalmx.com\/wp-content\/uploads\/2023\/11\/LUAV9453.MP4.03_47_35_01.Imagen-fija001-1536x864.jpg 1536w, https:\/\/diariodigitalmx.com\/wp-content\/uploads\/2023\/11\/LUAV9453.MP4.03_47_35_01.Imagen-fija001.jpg 1920w\" sizes=\"(max-width: 1024px) 100vw, 1024px\" \/><\/figure>\n\n\n\n<p>Este nuevo programa, refiri\u00f3 Mijes, sentar\u00e1 un precedente importante para integrar elementos mejor capacitados y con los mejores perfiles.<\/p>\n\n\n\n<p>La propuesta fue respaldada por los integrantes de la Conferencia Nacional de Seguridad P\u00fablica Municipal.<\/p>\n\n\n\n<p>En pr\u00f3ximos d\u00edas se dar\u00e1 a conocer a detalle la convocatoria y las fechas especificas de reclutamiento que seguir\u00e1n los municipios.<\/p>\n","protected":false},"excerpt":{"rendered":"<p>A fin de fortalecer las corporaciones polic\u00edacas del Pa\u00eds, el Alcalde Andr\u00e9s Mijes promovi\u00f3 el Programa Nacional de Reclutamiento Policial, en el que se homologan criterios de selecci\u00f3n para apostar a los mejores perfiles. En la m\u00e1s reciente reuni\u00f3n de la Conferencia Nacional de Seguridad P\u00fablica Municipal, Andr\u00e9s Mijes, como Presidente de la Comisi\u00f3n Permanente [&hellip;]<\/p>\n","protected":false},"author":1,"featured_media":109351,"comment_status":"open","ping_status":"open","sticky":true,"template":"","format":"standard","meta":{"footnotes":""},"categories":[14,6],"tags":[],"_links":{"self":[{"href":"https:\/\/diariodigitalmx.com\/index.php\/wp-json\/wp\/v2\/posts\/109349"}],"collection":[{"href":"https:\/\/diariodigitalmx.com\/index.php\/wp-json\/wp\/v2\/posts"}],"about":[{"href":"https:\/\/diariodigitalmx.com\/index.php\/wp-json\/wp\/v2\/types\/post"}],"author":[{"embeddable":true,"href":"https:\/\/diariodigitalmx.com\/index.php\/wp-json\/wp\/v2\/users\/1"}],"replies":[{"embeddable":true,"href":"https:\/\/diariodigitalmx.com\/index.php\/wp-json\/wp\/v2\/comments?post=109349"}],"version-history":[{"count":3,"href":"https:\/\/diariodigitalmx.com\/index.php\/wp-json\/wp\/v2\/posts\/109349\/revisions"}],"predecessor-version":[{"id":109355,"href":"https:\/\/diariodigitalmx.com\/index.php\/wp-json\/wp\/v2\/posts\/109349\/revisions\/109355"}],"wp:featuredmedia":[{"embeddable":true,"href":"https:\/\/diariodigitalmx.com\/index.php\/wp-json\/wp\/v2\/media\/109351"}],"wp:attachment":[{"href":"https:\/\/diariodigitalmx.com\/index.php\/wp-json\/wp\/v2\/media?parent=109349"}],"wp:term":[{"taxonomy":"category","embeddable":true,"href":"https:\/\/diariodigitalmx.com\/index.php\/wp-json\/wp\/v2\/categories?post=109349"},{"taxonomy":"post_tag","embeddable":true,"href":"https:\/\/diariodigitalmx.com\/index.php\/wp-json\/wp\/v2\/tags?post=109349"}],"curies":[{"name":"wp","href":"https:\/\/api.w.org\/{rel}","templated":true}]}}