{"id":10935,"date":"2019-08-29T08:25:35","date_gmt":"2019-08-29T13:25:35","guid":{"rendered":"http:\/\/diariodigitalmx.com\/?p=10935"},"modified":"2019-08-29T08:26:41","modified_gmt":"2019-08-29T13:26:41","slug":"detienen-a-pollero-que-llevaba-25-cebtroamericanos","status":"publish","type":"post","link":"https:\/\/diariodigitalmx.com\/index.php\/2019\/08\/29\/detienen-a-pollero-que-llevaba-25-cebtroamericanos\/","title":{"rendered":"Detienen a pollero que llevaba 25 centroamericanos"},"content":{"rendered":"\n<p>Jessica Leal<\/p>\n\n\n\n<p>Cadereyta, N. L-&nbsp; Los migrantes no paran y ahora fueron detectados 25 centroamericanos que eran transportados por una persona que fue detenida.<br><\/p>\n\n\n\n<p>Elementos de Fuerza Civil que realizaban sus labores diarias de vigilancia y patrullaje detuvieron a un sujeto que trasladaba a quienes pretend\u00edan llegar a Estados Unidos.&nbsp;<\/p>\n\n\n\n<p><br><\/p>\n\n\n\n<figure class=\"wp-block-image\"><img loading=\"lazy\" decoding=\"async\" width=\"1024\" height=\"512\" src=\"http:\/\/diariodigitalmx.com\/wp-content\/uploads\/2019\/08\/IMG-20190829-WA00022-1024x512.jpg\" alt=\"\" class=\"wp-image-10938\" srcset=\"https:\/\/diariodigitalmx.com\/wp-content\/uploads\/2019\/08\/IMG-20190829-WA00022-1024x512.jpg 1024w, https:\/\/diariodigitalmx.com\/wp-content\/uploads\/2019\/08\/IMG-20190829-WA00022-300x150.jpg 300w, https:\/\/diariodigitalmx.com\/wp-content\/uploads\/2019\/08\/IMG-20190829-WA00022-768x384.jpg 768w, https:\/\/diariodigitalmx.com\/wp-content\/uploads\/2019\/08\/IMG-20190829-WA00022.jpg 1040w\" sizes=\"(max-width: 1024px) 100vw, 1024px\" \/><\/figure>\n\n\n\n<p>Los hechos se registraron cuando los uniformados circulaban sobre la carretera libre Monterrey-Reynosa a la altura del kil\u00f3metro 32.5 cuando se percataron de un veh\u00edculo tipo Cheyenne en color guindo que circulaba en actitud sospechosa, por lo que le marcaron el alto, al acercarse para realizar una inspecci\u00f3n observaron que en el interior y en la caja de la camioneta viajaban en total 25 personas, quienes mencionaron no contar con documentos que acrediten su estancia legal en el pa\u00eds.<br><\/p>\n\n\n\n<p>Los indocumentados mencionaron ser de origen salvadore\u00f1o en su mayor\u00eda, solamente uno procedente de Guatemala.&nbsp;<\/p>\n\n\n\n<p><br><\/p>\n\n\n\n<figure class=\"wp-block-image\"><img loading=\"lazy\" decoding=\"async\" width=\"1024\" height=\"512\" src=\"http:\/\/diariodigitalmx.com\/wp-content\/uploads\/2019\/08\/IMG-20190829-WA00012-1024x512.jpg\" alt=\"\" class=\"wp-image-10940\" srcset=\"https:\/\/diariodigitalmx.com\/wp-content\/uploads\/2019\/08\/IMG-20190829-WA00012-1024x512.jpg 1024w, https:\/\/diariodigitalmx.com\/wp-content\/uploads\/2019\/08\/IMG-20190829-WA00012-300x150.jpg 300w, https:\/\/diariodigitalmx.com\/wp-content\/uploads\/2019\/08\/IMG-20190829-WA00012-768x384.jpg 768w, https:\/\/diariodigitalmx.com\/wp-content\/uploads\/2019\/08\/IMG-20190829-WA00012.jpg 1040w\" sizes=\"(max-width: 1024px) 100vw, 1024px\" \/><\/figure>\n\n\n\n<p>En total fueron asegurados por las autoridades migratorias&nbsp; 9 hombres y 8 mujeres mayores de edad; 5 hombres y 3 mujeres menores de edad a quienes los uniformados estatales les proporcionaron alimento y bebidas.<br><\/p>\n\n\n\n<p>El conductor de la camioneta, quien se identific\u00f3 como Luis \u201cN\u201d de 32 a\u00f1os y que dijo vivir en el municipio de Monterrey fue puesto a disposici\u00f3n de las autoridades competentes, as\u00ed como el veh\u00edculo en el que trasladaba a los centroamericanos.<br><\/p>\n\n\n\n<p>Cadereyta se ubica a unos 30 kil\u00f3metros al oriente de Monterrey.<\/p>\n","protected":false},"excerpt":{"rendered":"<p>Jessica Leal Cadereyta, N. L-&nbsp; Los migrantes no paran y ahora fueron detectados 25 centroamericanos que eran transportados por una persona que fue detenida. Elementos de Fuerza Civil que realizaban sus labores diarias de vigilancia y patrullaje detuvieron a un sujeto que trasladaba a quienes pretend\u00edan llegar a Estados Unidos.&nbsp; Los hechos se registraron cuando [&hellip;]<\/p>\n","protected":false},"author":1,"featured_media":10937,"comment_status":"open","ping_status":"open","sticky":true,"template":"","format":"standard","meta":{"footnotes":""},"categories":[7],"tags":[],"_links":{"self":[{"href":"https:\/\/diariodigitalmx.com\/index.php\/wp-json\/wp\/v2\/posts\/10935"}],"collection":[{"href":"https:\/\/diariodigitalmx.com\/index.php\/wp-json\/wp\/v2\/posts"}],"about":[{"href":"https:\/\/diariodigitalmx.com\/index.php\/wp-json\/wp\/v2\/types\/post"}],"author":[{"embeddable":true,"href":"https:\/\/diariodigitalmx.com\/index.php\/wp-json\/wp\/v2\/users\/1"}],"replies":[{"embeddable":true,"href":"https:\/\/diariodigitalmx.com\/index.php\/wp-json\/wp\/v2\/comments?post=10935"}],"version-history":[{"count":4,"href":"https:\/\/diariodigitalmx.com\/index.php\/wp-json\/wp\/v2\/posts\/10935\/revisions"}],"predecessor-version":[{"id":10942,"href":"https:\/\/diariodigitalmx.com\/index.php\/wp-json\/wp\/v2\/posts\/10935\/revisions\/10942"}],"wp:featuredmedia":[{"embeddable":true,"href":"https:\/\/diariodigitalmx.com\/index.php\/wp-json\/wp\/v2\/media\/10937"}],"wp:attachment":[{"href":"https:\/\/diariodigitalmx.com\/index.php\/wp-json\/wp\/v2\/media?parent=10935"}],"wp:term":[{"taxonomy":"category","embeddable":true,"href":"https:\/\/diariodigitalmx.com\/index.php\/wp-json\/wp\/v2\/categories?post=10935"},{"taxonomy":"post_tag","embeddable":true,"href":"https:\/\/diariodigitalmx.com\/index.php\/wp-json\/wp\/v2\/tags?post=10935"}],"curies":[{"name":"wp","href":"https:\/\/api.w.org\/{rel}","templated":true}]}}