{"id":109398,"date":"2023-11-14T22:56:02","date_gmt":"2023-11-15T04:56:02","guid":{"rendered":"http:\/\/diariodigitalmx.com\/?p=109398"},"modified":"2023-11-14T22:58:16","modified_gmt":"2023-11-15T04:58:16","slug":"expone-salvador-diaz-en-la-pinacoteca-de-nuevo-leon","status":"publish","type":"post","link":"https:\/\/diariodigitalmx.com\/index.php\/2023\/11\/14\/expone-salvador-diaz-en-la-pinacoteca-de-nuevo-leon\/","title":{"rendered":"Expone Salvador D\u00edaz en la Pinacoteca de Nuevo Le\u00f3n"},"content":{"rendered":"\n<figure class=\"wp-block-image size-large\"><img loading=\"lazy\" decoding=\"async\" width=\"1024\" height=\"683\" src=\"http:\/\/diariodigitalmx.com\/wp-content\/uploads\/2023\/11\/IMG_8821-1024x683.jpg\" alt=\"\" class=\"wp-image-109406\" srcset=\"https:\/\/diariodigitalmx.com\/wp-content\/uploads\/2023\/11\/IMG_8821-1024x683.jpg 1024w, https:\/\/diariodigitalmx.com\/wp-content\/uploads\/2023\/11\/IMG_8821-300x200.jpg 300w, https:\/\/diariodigitalmx.com\/wp-content\/uploads\/2023\/11\/IMG_8821-768x512.jpg 768w, https:\/\/diariodigitalmx.com\/wp-content\/uploads\/2023\/11\/IMG_8821-1536x1024.jpg 1536w, https:\/\/diariodigitalmx.com\/wp-content\/uploads\/2023\/11\/IMG_8821.jpg 2048w\" sizes=\"(max-width: 1024px) 100vw, 1024px\" \/><\/figure>\n\n\n\n<p>Monterrey. \u2013 El Conejo para la Cultura y las Artes de Nuevo Le\u00f3n | CONARTE, a trav\u00e9s de la Pinacoteca de Nuevo Le\u00f3n, presenta \u201cLa Consistencia del Souvenir\u201d exposici\u00f3n individual de Salvador D\u00edaz que muestra el tiempo amasado en la memoria colectiva y personal a trav\u00e9s de los archivos, es decir el registro de lo acontecido.<\/p>\n\n\n\n<p>Bajo la curadur\u00eda de Virginie Kastel, la muestra integra una selecci\u00f3n de 40 pinturas realizadas en diversas \u00e9pocas, formatos y tem\u00e1ticas, principalmente con referencias de historias personales.<\/p>\n\n\n\n<figure class=\"wp-block-image size-large\"><img loading=\"lazy\" decoding=\"async\" width=\"1024\" height=\"683\" src=\"http:\/\/diariodigitalmx.com\/wp-content\/uploads\/2023\/11\/IMG_8794-1024x683.jpg\" alt=\"\" class=\"wp-image-109402\" srcset=\"https:\/\/diariodigitalmx.com\/wp-content\/uploads\/2023\/11\/IMG_8794-1024x683.jpg 1024w, https:\/\/diariodigitalmx.com\/wp-content\/uploads\/2023\/11\/IMG_8794-300x200.jpg 300w, https:\/\/diariodigitalmx.com\/wp-content\/uploads\/2023\/11\/IMG_8794-768x512.jpg 768w, https:\/\/diariodigitalmx.com\/wp-content\/uploads\/2023\/11\/IMG_8794-1536x1024.jpg 1536w, https:\/\/diariodigitalmx.com\/wp-content\/uploads\/2023\/11\/IMG_8794.jpg 2048w\" sizes=\"(max-width: 1024px) 100vw, 1024px\" \/><\/figure>\n\n\n\n<p>\u201cEs una exposici\u00f3n amplia, pero no es una exposici\u00f3n retrospectiva, la veo como una exposici\u00f3n con un tema de una carga conceptual y psicol\u00f3gica muy importante y que tambi\u00e9n va en exclusivo a un tema en particular m\u00edo de toda mi colecci\u00f3n que es m\u00e1s amplia de creaci\u00f3n que es el \u00e1lbum de familia, pero ya no nada m\u00e1s el tema particular de familia sino que hay ciertas obras en que apuntala a una historia m\u00e1s amplia y m\u00e1s abierta sobre esa realidad que conocemos como el concepto de familia que puede ser mucho m\u00e1s amplio y tambi\u00e9n a una historia particular del reconocimiento al desarrollo de la mujer y c\u00f3mo afrontar la vida desde la perspectiva en este caso desde mi mam\u00e1 yo creo que de ah\u00ed es el detonate de c\u00f3mo surge la historia, como se crea esta exposici\u00f3n\u201d, asegur\u00f3 el artista Salvador D\u00edaz, originario de la Ciudad de M\u00e9xico, pero radicado en Monterrey desde 1985.<\/p>\n\n\n\n<figure class=\"wp-block-image size-large\"><img loading=\"lazy\" decoding=\"async\" width=\"1024\" height=\"683\" src=\"http:\/\/diariodigitalmx.com\/wp-content\/uploads\/2023\/11\/IMG_8809-1024x683.jpg\" alt=\"\" class=\"wp-image-109404\" srcset=\"https:\/\/diariodigitalmx.com\/wp-content\/uploads\/2023\/11\/IMG_8809-1024x683.jpg 1024w, https:\/\/diariodigitalmx.com\/wp-content\/uploads\/2023\/11\/IMG_8809-300x200.jpg 300w, https:\/\/diariodigitalmx.com\/wp-content\/uploads\/2023\/11\/IMG_8809-768x512.jpg 768w, https:\/\/diariodigitalmx.com\/wp-content\/uploads\/2023\/11\/IMG_8809-1536x1024.jpg 1536w, https:\/\/diariodigitalmx.com\/wp-content\/uploads\/2023\/11\/IMG_8809.jpg 2048w\" sizes=\"(max-width: 1024px) 100vw, 1024px\" \/><\/figure>\n\n\n\n<p>Durante las \u00faltimas dos d\u00e9cadas su obra ha sido expuesta en M\u00e9xico y en el extranjero, ha participado en las Ferias Internacionales de Arte Contempor\u00e1neo FIAC de Par\u00eds, Art Chicago, Art Colonia Alemania, ARCO Madrid, Art Miami, Pinta NY y Scope NY, Basilea, Hamptons y Londres. Zona MACO, SP-Arte, Arte BA y ArtBO en Sudam\u00e9rica entre otros.<\/p>\n","protected":false},"excerpt":{"rendered":"<p>Monterrey. \u2013 El Conejo para la Cultura y las Artes de Nuevo Le\u00f3n | CONARTE, a trav\u00e9s de la Pinacoteca de Nuevo Le\u00f3n, presenta \u201cLa Consistencia del Souvenir\u201d exposici\u00f3n individual de Salvador D\u00edaz que muestra el tiempo amasado en la memoria colectiva y personal a trav\u00e9s de los archivos, es decir el registro de lo [&hellip;]<\/p>\n","protected":false},"author":1,"featured_media":109400,"comment_status":"open","ping_status":"open","sticky":true,"template":"","format":"standard","meta":{"footnotes":""},"categories":[11,14],"tags":[],"_links":{"self":[{"href":"https:\/\/diariodigitalmx.com\/index.php\/wp-json\/wp\/v2\/posts\/109398"}],"collection":[{"href":"https:\/\/diariodigitalmx.com\/index.php\/wp-json\/wp\/v2\/posts"}],"about":[{"href":"https:\/\/diariodigitalmx.com\/index.php\/wp-json\/wp\/v2\/types\/post"}],"author":[{"embeddable":true,"href":"https:\/\/diariodigitalmx.com\/index.php\/wp-json\/wp\/v2\/users\/1"}],"replies":[{"embeddable":true,"href":"https:\/\/diariodigitalmx.com\/index.php\/wp-json\/wp\/v2\/comments?post=109398"}],"version-history":[{"count":4,"href":"https:\/\/diariodigitalmx.com\/index.php\/wp-json\/wp\/v2\/posts\/109398\/revisions"}],"predecessor-version":[{"id":109407,"href":"https:\/\/diariodigitalmx.com\/index.php\/wp-json\/wp\/v2\/posts\/109398\/revisions\/109407"}],"wp:featuredmedia":[{"embeddable":true,"href":"https:\/\/diariodigitalmx.com\/index.php\/wp-json\/wp\/v2\/media\/109400"}],"wp:attachment":[{"href":"https:\/\/diariodigitalmx.com\/index.php\/wp-json\/wp\/v2\/media?parent=109398"}],"wp:term":[{"taxonomy":"category","embeddable":true,"href":"https:\/\/diariodigitalmx.com\/index.php\/wp-json\/wp\/v2\/categories?post=109398"},{"taxonomy":"post_tag","embeddable":true,"href":"https:\/\/diariodigitalmx.com\/index.php\/wp-json\/wp\/v2\/tags?post=109398"}],"curies":[{"name":"wp","href":"https:\/\/api.w.org\/{rel}","templated":true}]}}