{"id":109418,"date":"2023-11-15T07:24:23","date_gmt":"2023-11-15T13:24:23","guid":{"rendered":"http:\/\/diariodigitalmx.com\/?p=109418"},"modified":"2023-11-15T07:24:56","modified_gmt":"2023-11-15T13:24:56","slug":"dia-mundial-sin-alcohol","status":"publish","type":"post","link":"https:\/\/diariodigitalmx.com\/index.php\/2023\/11\/15\/dia-mundial-sin-alcohol\/","title":{"rendered":"D\u00eda Mundial sin Alcohol"},"content":{"rendered":"\n<p>Ya Cant\u00f3 El Gallo<br>Ya es MIERCOLES 15 de Noviembre<\/p>\n\n\n\n<h1 class=\"wp-block-heading\">T\u00edoTo\u00f1o<\/h1>\n\n\n\n<p>Santoral: Alberto, Eugenio, Leopoldo<\/p>\n\n\n\n<p>D\u00eda Mundial sin Alcohol<\/p>\n\n\n\n<p>D\u00eda Mundial de la Enfermedad Pulmonar Obstructiva Cr\u00f3nica<\/p>\n\n\n\n<p>1280 Muere Alberto Magno, doctor de la Iglesia, te\u00f3logo, fil\u00f3sofo y hombre de ciencia.<br>1533 Tras haber ejecutado a Atahualpa el pasado 29 de agosto, Francisco Pizarro, toma Cuzco (Per\u00fa), capital sagrada del Imperio Inca.<br>1630 Muere Johannes Kepler, alem\u00e1n; fundamentalmente conocido por sus leyes sobre el movimiento de los planetas y su \u00f3rbita alrededor del Sol.<br>1738 Nace William Herschel, astr\u00f3nomo alem\u00e1n descubridor del planeta Urano y de otros objetos celestes.<br>1776 Nace en la Ciudad de Me\u0301xico, Jose\u0301 Joaqui\u0301n Ferna\u0301ndez de Lizardi, conocido como el \u201cPensador Mexicano\u201d, autor de la obra \u201cEl Periquillo Sarniento\u201d.<br>1819 Muere en Cambridge, Reino Unido, Daniel Rutherford, bot\u00e1nico, m\u00e9dico y qu\u00edmico escoc\u00e9s que en 1772 descubri\u00f3 la existencia del nitr\u00f3geno, el quinto elemento m\u00e1s abundante del universo.<br>1868 Nace Emil Racovita, bi\u00f3logo rumano, zo\u00f3logo, espele\u00f3logo, explorador. Es considerado como uno de los fundadores de bioespeleolog\u00eda.<br>1875 Muere en la ciudad de M\u00e9xico, el liberal poblano don Jos\u00e9 Mar\u00eda Lafragua, abogado, pol\u00edtico, literato, historiador y diplom\u00e1tico. Miembro distinguido del Partido Liberal, desempe\u00f1\u00f3 la cartera de Relaciones Exteriores con los presidentes Comonfort, Ju\u00e1rez y Lerdo de Tejada. A \u00e9l se deben los c\u00f3digos Civil y de Procedimientos civiles.<br>1891 Nace en Heidenheim, Alemania, Erwin Rommel, militar alem\u00e1n, al que apodar\u00e1n el &#8220;Zorro del desierto&#8221; por las creativas t\u00e1cticas astutas y arriesgadas, que utilizar\u00e1 en el norte de \u00c1frica.<br>1907 Publicado en un peri\u00f3dico de San Francisco el primer c\u00f3mic.<br>1915 Nace el cantante y actor mexicano Miguel Aceves Mej\u00eda, &#8220;El Rey del Falsete&#8221;, quien forma parte del tr\u00edo \u201cLos Porte\u00f1os\u201d. Se lanza como solista en la emisora XEW. Debuta en cine en 1947.<br>1920 Se re\u00fane por primera vez la Sociedad de Naciones, en Ginebra, Suiza, con la participaci\u00f3n de representantes de 42 pa\u00edses.<br>1926 La National Broadcasting Company (NBC) sale al aire con 24 emisoras, entre ella RCA y General Electric Company (GE).<br>1927 Nace la fil\u00f3loga mexicana Helena Berist\u00e1in, especialista en Letras Hisp\u00e1nicas, catedr\u00e1tica de la Universidad Nacional Aut\u00f3noma de M\u00e9xico (UNAM) y autora de diversos art\u00edculos y libros, entre ellos &#8220;An\u00e1lisis e interpretaci\u00f3n del poema l\u00edrico&#8221;.<br>1945 Nace Anni Frid Synni Lyngstad, cantante sueca conocida como Frida. Es una de las integrantes del afamado grupo ABBA, el cual se desintegra en 1982.<br>1961 Muere el escritor e historiador mexicano Artemio de Valle Arizpe, cronista de la Ciudad de M\u00e9xico.<br>1969 Se lleva a cabo en Washington, D.C. una gran movilizaci\u00f3n en la que aproximadamente unos 500 mil manifestantes se opusieron a la guerra de Vietnam, bautizando al movimiento como la \u201cMarcha contra la Muerte\u201d.<br>1980 Sale a la venta el \u00faltimo disco que graba el ex Beatle John Lennon en vida, &#8220;Double fantasy&#8221;.<br>2001 Sale a la venta la primera videoconsola producida por Microsoft, la XBOX.<br>2015 Muere el antrop\u00f3logo y comunicador mexicano Eugenio Bermejillo. Director de la red de comunicaciones populares \u201cBoca de Polen\u201d.<\/p>\n\n\n\n<p>To\u00f1o Ch\u00e1vez<\/p>\n","protected":false},"excerpt":{"rendered":"<p>Ya Cant\u00f3 El GalloYa es MIERCOLES 15 de Noviembre T\u00edoTo\u00f1o Santoral: Alberto, Eugenio, Leopoldo D\u00eda Mundial sin Alcohol D\u00eda Mundial de la Enfermedad Pulmonar Obstructiva Cr\u00f3nica 1280 Muere Alberto Magno, doctor de la Iglesia, te\u00f3logo, fil\u00f3sofo y hombre de ciencia.1533 Tras haber ejecutado a Atahualpa el pasado 29 de agosto, Francisco Pizarro, toma Cuzco (Per\u00fa), [&hellip;]<\/p>\n","protected":false},"author":1,"featured_media":109420,"comment_status":"open","ping_status":"open","sticky":true,"template":"","format":"standard","meta":{"footnotes":""},"categories":[11,14],"tags":[],"_links":{"self":[{"href":"https:\/\/diariodigitalmx.com\/index.php\/wp-json\/wp\/v2\/posts\/109418"}],"collection":[{"href":"https:\/\/diariodigitalmx.com\/index.php\/wp-json\/wp\/v2\/posts"}],"about":[{"href":"https:\/\/diariodigitalmx.com\/index.php\/wp-json\/wp\/v2\/types\/post"}],"author":[{"embeddable":true,"href":"https:\/\/diariodigitalmx.com\/index.php\/wp-json\/wp\/v2\/users\/1"}],"replies":[{"embeddable":true,"href":"https:\/\/diariodigitalmx.com\/index.php\/wp-json\/wp\/v2\/comments?post=109418"}],"version-history":[{"count":1,"href":"https:\/\/diariodigitalmx.com\/index.php\/wp-json\/wp\/v2\/posts\/109418\/revisions"}],"predecessor-version":[{"id":109419,"href":"https:\/\/diariodigitalmx.com\/index.php\/wp-json\/wp\/v2\/posts\/109418\/revisions\/109419"}],"wp:featuredmedia":[{"embeddable":true,"href":"https:\/\/diariodigitalmx.com\/index.php\/wp-json\/wp\/v2\/media\/109420"}],"wp:attachment":[{"href":"https:\/\/diariodigitalmx.com\/index.php\/wp-json\/wp\/v2\/media?parent=109418"}],"wp:term":[{"taxonomy":"category","embeddable":true,"href":"https:\/\/diariodigitalmx.com\/index.php\/wp-json\/wp\/v2\/categories?post=109418"},{"taxonomy":"post_tag","embeddable":true,"href":"https:\/\/diariodigitalmx.com\/index.php\/wp-json\/wp\/v2\/tags?post=109418"}],"curies":[{"name":"wp","href":"https:\/\/api.w.org\/{rel}","templated":true}]}}