{"id":109421,"date":"2023-11-15T11:40:46","date_gmt":"2023-11-15T17:40:46","guid":{"rendered":"http:\/\/diariodigitalmx.com\/?p=109421"},"modified":"2023-11-15T11:43:46","modified_gmt":"2023-11-15T17:43:46","slug":"habra-reina-princesa-y-duquesa-lgbtttiq-en-el-valle-de-las-salinas","status":"publish","type":"post","link":"https:\/\/diariodigitalmx.com\/index.php\/2023\/11\/15\/habra-reina-princesa-y-duquesa-lgbtttiq-en-el-valle-de-las-salinas\/","title":{"rendered":"Habr\u00e1 Reina, Princesa y Duquesa LGBTTTIQ+ en el Valle de las Salinas"},"content":{"rendered":"\n<figure class=\"wp-block-image size-full\"><img loading=\"lazy\" decoding=\"async\" width=\"1024\" height=\"468\" src=\"http:\/\/diariodigitalmx.com\/wp-content\/uploads\/2023\/11\/IMG-20231115-WA0027.jpg\" alt=\"\" class=\"wp-image-109426\" srcset=\"https:\/\/diariodigitalmx.com\/wp-content\/uploads\/2023\/11\/IMG-20231115-WA0027.jpg 1024w, https:\/\/diariodigitalmx.com\/wp-content\/uploads\/2023\/11\/IMG-20231115-WA0027-300x137.jpg 300w, https:\/\/diariodigitalmx.com\/wp-content\/uploads\/2023\/11\/IMG-20231115-WA0027-768x351.jpg 768w\" sizes=\"(max-width: 1024px) 100vw, 1024px\" \/><\/figure>\n\n\n\n<p>Monterrey. &#8211; Por segundo a\u00f1o consecutivo habr\u00e1 Reina, Princesa y Duquesa LGBTTTIQ+ en los municipios del Valle de las Salinas.<\/p>\n\n\n\n<p>La Segunda Coronaci\u00f3n se llevar\u00e1 a cabo este viernes 17 de noviembre, a las 5 pm, en el Auditorio Municipal de El Carmen.<\/p>\n\n\n\n<p>El regidor Rafael Antonio \u2018Tony\u2019 Portillo Garc\u00eda, organizador del certamen, inform\u00f3 que la convocatoria para elegir el Reinado Gay se lanz\u00f3 en los municipios de Hidalgo, Abasolo, Mina, Salinas y Zuazua.<\/p>\n\n\n\n<figure class=\"wp-block-image size-full\"><img loading=\"lazy\" decoding=\"async\" width=\"556\" height=\"529\" src=\"http:\/\/diariodigitalmx.com\/wp-content\/uploads\/2023\/11\/IMG-20231115-WA0026.jpg\" alt=\"\" class=\"wp-image-109428\" srcset=\"https:\/\/diariodigitalmx.com\/wp-content\/uploads\/2023\/11\/IMG-20231115-WA0026.jpg 556w, https:\/\/diariodigitalmx.com\/wp-content\/uploads\/2023\/11\/IMG-20231115-WA0026-300x285.jpg 300w\" sizes=\"(max-width: 556px) 100vw, 556px\" \/><\/figure>\n\n\n\n<p>Dijo esperar buena participaci\u00f3n de la comunidad lesbiana, gay, bisexual, transg\u00e9nero, travesti, transexual, intersexual y queer, para avanzar en la lucha por la igualdad y contra la discriminaci\u00f3n.<\/p>\n\n\n\n<p>\u201cLa diversidad sexual estamos buscando que nos miren y traten con respeto como a cualquier ser humano\u201d, se\u00f1al\u00f3.<\/p>\n\n\n\n<p>Explic\u00f3 que a solicitud suya, el Ayuntamiento de El Carmen, presidido por Humberto \u2018Rokko\u2019 Medina, aprob\u00f3 facilitar el Auditorio Municipal y brindar elementos y patrullas de Seguridad P\u00fablica.<\/p>\n\n\n\n<p>El Jurado Calificador del Certamen, coment\u00f3, ser\u00e1 integrado por activistas calificados en derechos de las personas LGBTTTIQ+.<\/p>\n\n\n\n<p>Por \u00faltimo, \u2018Tony\u2019 Portillo hizo un llamado para tener una Reina, una Princesa y una Duquesa \u201cno de escondidas, sino con el amor de la gente\u201d.<\/p>\n\n\n\n<p><em>\u00bfQu\u00e9 significa LGBTTTIQ+?<\/em><\/p>\n\n\n\n<p>\u2022 Lesbiana: mujeres que sienten atracci\u00f3n por otras mujeres.<br>\u2022 Gay: hombres que sienten atracci\u00f3n por otros hombres.<br>\u2022 Bisexual: personas que sienten atracci\u00f3n por igual hacia hombres y mujeres.<br>\u2022 Transg\u00e9nero: personas que se identifican y expresan una sexualidad distinta al g\u00e9nero a aquella con la que nacieron.<br>\u2022 Travesti: personas que optaron por comportarse, vestirse y expresarse con caracter\u00edsticas diferentes a su g\u00e9nero.<br>\u2022 Transexual: personas que modificaron su sexo para adoptar as\u00ed las caracter\u00edsticas de otro.<br>\u2022 Intersexual: personas que nacieron con caracter\u00edsticas tanto f\u00edsicas como biol\u00f3gicas de ambos sexos.<br>\u2022 Queer: personas que construyen y manifiestan una sexualidad fuera de la clasificaci\u00f3n binaria.<\/p>\n","protected":false},"excerpt":{"rendered":"<p>Monterrey. &#8211; Por segundo a\u00f1o consecutivo habr\u00e1 Reina, Princesa y Duquesa LGBTTTIQ+ en los municipios del Valle de las Salinas. La Segunda Coronaci\u00f3n se llevar\u00e1 a cabo este viernes 17 de noviembre, a las 5 pm, en el Auditorio Municipal de El Carmen. El regidor Rafael Antonio \u2018Tony\u2019 Portillo Garc\u00eda, organizador del certamen, inform\u00f3 que [&hellip;]<\/p>\n","protected":false},"author":1,"featured_media":109424,"comment_status":"open","ping_status":"open","sticky":true,"template":"","format":"standard","meta":{"footnotes":""},"categories":[14,9],"tags":[],"_links":{"self":[{"href":"https:\/\/diariodigitalmx.com\/index.php\/wp-json\/wp\/v2\/posts\/109421"}],"collection":[{"href":"https:\/\/diariodigitalmx.com\/index.php\/wp-json\/wp\/v2\/posts"}],"about":[{"href":"https:\/\/diariodigitalmx.com\/index.php\/wp-json\/wp\/v2\/types\/post"}],"author":[{"embeddable":true,"href":"https:\/\/diariodigitalmx.com\/index.php\/wp-json\/wp\/v2\/users\/1"}],"replies":[{"embeddable":true,"href":"https:\/\/diariodigitalmx.com\/index.php\/wp-json\/wp\/v2\/comments?post=109421"}],"version-history":[{"count":3,"href":"https:\/\/diariodigitalmx.com\/index.php\/wp-json\/wp\/v2\/posts\/109421\/revisions"}],"predecessor-version":[{"id":109429,"href":"https:\/\/diariodigitalmx.com\/index.php\/wp-json\/wp\/v2\/posts\/109421\/revisions\/109429"}],"wp:featuredmedia":[{"embeddable":true,"href":"https:\/\/diariodigitalmx.com\/index.php\/wp-json\/wp\/v2\/media\/109424"}],"wp:attachment":[{"href":"https:\/\/diariodigitalmx.com\/index.php\/wp-json\/wp\/v2\/media?parent=109421"}],"wp:term":[{"taxonomy":"category","embeddable":true,"href":"https:\/\/diariodigitalmx.com\/index.php\/wp-json\/wp\/v2\/categories?post=109421"},{"taxonomy":"post_tag","embeddable":true,"href":"https:\/\/diariodigitalmx.com\/index.php\/wp-json\/wp\/v2\/tags?post=109421"}],"curies":[{"name":"wp","href":"https:\/\/api.w.org\/{rel}","templated":true}]}}