{"id":109430,"date":"2023-11-15T16:11:23","date_gmt":"2023-11-15T22:11:23","guid":{"rendered":"http:\/\/diariodigitalmx.com\/?p=109430"},"modified":"2023-11-15T16:13:11","modified_gmt":"2023-11-15T22:13:11","slug":"trife-ordena-que-congreso-de-nl-elija-gobernador-interino-declara-inelegible-a-arturo-salinas","status":"publish","type":"post","link":"https:\/\/diariodigitalmx.com\/index.php\/2023\/11\/15\/trife-ordena-que-congreso-de-nl-elija-gobernador-interino-declara-inelegible-a-arturo-salinas\/","title":{"rendered":"TRIFE ordena que Congreso de NL elija Gobernador interino; declara inelegible a Arturo Salinas"},"content":{"rendered":"\n<p>Jos\u00e9 Arturo Salinas Garza fue confirmado inelegible como Gobernador Interino de Nuevo Le\u00f3n, por la Sala Superior del Tribunal Electoral del Poder Judicial de la Federaci\u00f3n orden\u00f3 al Congreso elegir a quien se quede en el cargo durante los seis meses de licencia de Samuel Garc\u00eda Sep\u00falveda.<\/p>\n\n\n\n<p>Se determin\u00f3 en la sesi\u00f3n que el Congreso deber\u00e1 elegir conforme a la Constituci\u00f3n neolonesa a quien ocupe el interinato a partir del 2 de diciembre y hasta el 2 de junio de 2024, tiempo de licencia a Garc\u00eda quien busca la presidencia de la Rep\u00fablica.<\/p>\n\n\n\n<p>La resoluci\u00f3n del TEPFJ se da luego de que la semana pasada fue pospuesta a petici\u00f3n de tres magistrados que se\u00f1alaron que se requer\u00eda m\u00e1s tiempo para el an\u00e1lisis.<\/p>\n\n\n\n<p>El proyecto de sentencia presentado por la magistrada Janine Ot\u00e1lora fue aprobado de manera un\u00e1nime, y adem\u00e1s, el resolutivo no contiene la instrucci\u00f3n al Legislativo local de valorar la propuesta de relevo planteada por Samuel Garc\u00eda, quien propone a su Secretario de Gobierno, Javier Navarro, para que sea el interino.<\/p>\n\n\n\n<p>&#8220;No basta con quien encabeza el Poder Judicial local solicite una licencia, por eso se propone revocar la designaci\u00f3n del Gobernador Interino, en virtud de esta prohibici\u00f3n expresa&#8221;, dijo Ot\u00e1lora.<\/p>\n\n\n\n<p>&#8220;Se propone una vez revocado estos dos actos, ordenar al Congreso de NL que en ejercicio de su libertad soberana realice la designaci\u00f3n de la Gubernatura Interina conforme a lo establecido en la Constituci\u00f3n, buscando los consensos dentro del Congreso local&#8221;, se propuso.<\/p>\n\n\n\n<p>Tambi\u00e9n se propuso que la Comisi\u00f3n de Gobernaci\u00f3n del Congreso dictamine sobre todas las propuestas que hagan las fracciones parlamentarias de todos los partidos<br>incluyendo a Movimiento Ciudadano, partido que postul\u00f3 al Gobernador electo.<\/p>\n\n\n\n<p>El 25 de octubre, se otorg\u00f3 a Samuel Garc\u00eda licencia para ausentarse de su cargo por seis meses a partir del 2 de diciembre para participar en la elecci\u00f3n presidencial del 2 de junio del 2024, y design\u00f3 a Arturo Salinas como Interino para cubrir la ausencia, el cual a su vez pidi\u00f3 licencia como presidente del Poder Judicial de Nuevo Le\u00f3n, cargo que le impide ser gobernador.<\/p>\n\n\n\n<p>A su vez, Samuel Garc\u00eda propuso a Javier Navarro como su Interino, y a partir de ah\u00ed se judicializ\u00f3 el tema.<\/p>\n\n\n\n<p>Esta misma semana, la Corte ech\u00f3 abajo a ambos gobernadores interinos y dijo que es el Congreso quien debe elegir a quien quede en lugar de Garc\u00eda.<\/p>\n\n\n\n<p>Arturo Salinas acept\u00f3 la decisi\u00f3n de ka Corte pero Navarro insisti\u00f3 en que tiene una suspensi\u00f3n que le ha dado un juez de Tamaulipas, por lo que es \u00e9l quien debe ser el interino.<\/p>\n","protected":false},"excerpt":{"rendered":"<p>Jos\u00e9 Arturo Salinas Garza fue confirmado inelegible como Gobernador Interino de Nuevo Le\u00f3n, por la Sala Superior del Tribunal Electoral del Poder Judicial de la Federaci\u00f3n orden\u00f3 al Congreso elegir a quien se quede en el cargo durante los seis meses de licencia de Samuel Garc\u00eda Sep\u00falveda. Se determin\u00f3 en la sesi\u00f3n que el Congreso [&hellip;]<\/p>\n","protected":false},"author":1,"featured_media":109433,"comment_status":"open","ping_status":"open","sticky":true,"template":"","format":"standard","meta":{"footnotes":""},"categories":[6,3],"tags":[],"_links":{"self":[{"href":"https:\/\/diariodigitalmx.com\/index.php\/wp-json\/wp\/v2\/posts\/109430"}],"collection":[{"href":"https:\/\/diariodigitalmx.com\/index.php\/wp-json\/wp\/v2\/posts"}],"about":[{"href":"https:\/\/diariodigitalmx.com\/index.php\/wp-json\/wp\/v2\/types\/post"}],"author":[{"embeddable":true,"href":"https:\/\/diariodigitalmx.com\/index.php\/wp-json\/wp\/v2\/users\/1"}],"replies":[{"embeddable":true,"href":"https:\/\/diariodigitalmx.com\/index.php\/wp-json\/wp\/v2\/comments?post=109430"}],"version-history":[{"count":1,"href":"https:\/\/diariodigitalmx.com\/index.php\/wp-json\/wp\/v2\/posts\/109430\/revisions"}],"predecessor-version":[{"id":109431,"href":"https:\/\/diariodigitalmx.com\/index.php\/wp-json\/wp\/v2\/posts\/109430\/revisions\/109431"}],"wp:featuredmedia":[{"embeddable":true,"href":"https:\/\/diariodigitalmx.com\/index.php\/wp-json\/wp\/v2\/media\/109433"}],"wp:attachment":[{"href":"https:\/\/diariodigitalmx.com\/index.php\/wp-json\/wp\/v2\/media?parent=109430"}],"wp:term":[{"taxonomy":"category","embeddable":true,"href":"https:\/\/diariodigitalmx.com\/index.php\/wp-json\/wp\/v2\/categories?post=109430"},{"taxonomy":"post_tag","embeddable":true,"href":"https:\/\/diariodigitalmx.com\/index.php\/wp-json\/wp\/v2\/tags?post=109430"}],"curies":[{"name":"wp","href":"https:\/\/api.w.org\/{rel}","templated":true}]}}