{"id":109448,"date":"2023-11-15T18:42:46","date_gmt":"2023-11-16T00:42:46","guid":{"rendered":"http:\/\/diariodigitalmx.com\/?p=109448"},"modified":"2023-11-15T18:48:56","modified_gmt":"2023-11-16T00:48:56","slug":"inicia-igualdad-e-inclusion-construccion-de-camino-peatonal-en-cerro-de-la-campana","status":"publish","type":"post","link":"https:\/\/diariodigitalmx.com\/index.php\/2023\/11\/15\/inicia-igualdad-e-inclusion-construccion-de-camino-peatonal-en-cerro-de-la-campana\/","title":{"rendered":"Inicia Igualdad e Inclusi\u00f3n construcci\u00f3n de camino peatonal en Cerro de la Campana"},"content":{"rendered":"\n<p>Monterrey.- Las Secretar\u00eda de Igualdad e Inclusi\u00f3n coloc\u00f3 la primera piedra del Camino Peatonal Santa Isabel, en el municipio de Monterrey.<\/p>\n\n\n\n<p>El espacio forma parte del Plan Maestro Campana \u2013 Altamira, el cual beneficiar\u00e1 a m\u00e1s de 5 mil personas y facilitar\u00e1 el acceso a los hogares de las personas en el sector.<\/p>\n\n\n\n<p>La Secretaria de Igualdad e Inclusi\u00f3n, Martha Herrera, explic\u00f3 que la dependencia trabaja en coordinaci\u00f3n con autoridades municipales, estatales y empresas para hacer realidad los andadores.<\/p>\n\n\n\n<figure class=\"wp-block-image size-large\"><img loading=\"lazy\" decoding=\"async\" width=\"1024\" height=\"770\" src=\"http:\/\/diariodigitalmx.com\/wp-content\/uploads\/2023\/11\/image00003-2-1024x770.jpeg\" alt=\"\" class=\"wp-image-109452\" srcset=\"https:\/\/diariodigitalmx.com\/wp-content\/uploads\/2023\/11\/image00003-2-1024x770.jpeg 1024w, https:\/\/diariodigitalmx.com\/wp-content\/uploads\/2023\/11\/image00003-2-300x225.jpeg 300w, https:\/\/diariodigitalmx.com\/wp-content\/uploads\/2023\/11\/image00003-2-768x577.jpeg 768w, https:\/\/diariodigitalmx.com\/wp-content\/uploads\/2023\/11\/image00003-2-1536x1154.jpeg 1536w, https:\/\/diariodigitalmx.com\/wp-content\/uploads\/2023\/11\/image00003-2-2048x1539.jpeg 2048w\" sizes=\"(max-width: 1024px) 100vw, 1024px\" \/><\/figure>\n\n\n\n<p>Adolfo Guzm\u00e1n, Director de Gesti\u00f3n Estrat\u00e9gica de Fideproes, detall\u00f3 que el Camino Santa Isabel tendr\u00e1 una inversi\u00f3n de cerca de 10 millones de pesos.<\/p>\n\n\n\n<p>El andador de 189 metros lineales, ser\u00e1 construido de acuerdo a las necesidades de los vecinos, incluye mobiliario urbano, bancas de concreto, alumbrado p\u00fablico y barandales met\u00e1licos, dijo.<\/p>\n\n\n\n<figure class=\"wp-block-image size-large\"><img loading=\"lazy\" decoding=\"async\" width=\"1024\" height=\"681\" src=\"http:\/\/diariodigitalmx.com\/wp-content\/uploads\/2023\/11\/image00001-3-1024x681.jpeg\" alt=\"\" class=\"wp-image-109454\" srcset=\"https:\/\/diariodigitalmx.com\/wp-content\/uploads\/2023\/11\/image00001-3-1024x681.jpeg 1024w, https:\/\/diariodigitalmx.com\/wp-content\/uploads\/2023\/11\/image00001-3-300x200.jpeg 300w, https:\/\/diariodigitalmx.com\/wp-content\/uploads\/2023\/11\/image00001-3-768x511.jpeg 768w, https:\/\/diariodigitalmx.com\/wp-content\/uploads\/2023\/11\/image00001-3-1536x1022.jpeg 1536w, https:\/\/diariodigitalmx.com\/wp-content\/uploads\/2023\/11\/image00001-3-2048x1363.jpeg 2048w\" sizes=\"(max-width: 1024px) 100vw, 1024px\" \/><\/figure>\n\n\n\n<p>Adem\u00e1s, se trabaja en conjunto con Agua y Drenaje y el municipio de Monterrey para la instalaci\u00f3n de tuber\u00eda y medidores con el objetivo de evitar encharcamientos.<\/p>\n\n\n\n<p>Las obras estar\u00e1n a cargo de la Secretar\u00eda de Movilidad y Planeaci\u00f3n Urbana, las cuales se realizar\u00e1n con recursos del Fondo de Infraestructura Social para las Entidades (FISE) que tiene el objetivo de financiar obras, acciones sociales b\u00e1sicas e inversiones que beneficien directamente a poblaci\u00f3n en pobreza extrema, localidades con alto o muy alto grado de rezago social y en zonas de atenci\u00f3n prioritaria urbanas y rurales.<\/p>\n\n\n\n<figure class=\"wp-block-gallery has-nested-images columns-default is-cropped wp-block-gallery-1 is-layout-flex wp-block-gallery-is-layout-flex\">\n<figure class=\"wp-block-image size-large\"><img loading=\"lazy\" decoding=\"async\" width=\"1024\" height=\"681\" data-id=\"109457\" src=\"http:\/\/diariodigitalmx.com\/wp-content\/uploads\/2023\/11\/image00006-1-1024x681.jpeg\" alt=\"\" class=\"wp-image-109457\" srcset=\"https:\/\/diariodigitalmx.com\/wp-content\/uploads\/2023\/11\/image00006-1-1024x681.jpeg 1024w, https:\/\/diariodigitalmx.com\/wp-content\/uploads\/2023\/11\/image00006-1-300x200.jpeg 300w, https:\/\/diariodigitalmx.com\/wp-content\/uploads\/2023\/11\/image00006-1-768x511.jpeg 768w, https:\/\/diariodigitalmx.com\/wp-content\/uploads\/2023\/11\/image00006-1-1536x1022.jpeg 1536w, https:\/\/diariodigitalmx.com\/wp-content\/uploads\/2023\/11\/image00006-1-2048x1363.jpeg 2048w\" sizes=\"(max-width: 1024px) 100vw, 1024px\" \/><\/figure>\n\n\n\n<figure class=\"wp-block-image size-large\"><img loading=\"lazy\" decoding=\"async\" width=\"1024\" height=\"681\" data-id=\"109458\" src=\"http:\/\/diariodigitalmx.com\/wp-content\/uploads\/2023\/11\/image00002-3-1024x681.jpeg\" alt=\"\" class=\"wp-image-109458\" srcset=\"https:\/\/diariodigitalmx.com\/wp-content\/uploads\/2023\/11\/image00002-3-1024x681.jpeg 1024w, https:\/\/diariodigitalmx.com\/wp-content\/uploads\/2023\/11\/image00002-3-300x200.jpeg 300w, https:\/\/diariodigitalmx.com\/wp-content\/uploads\/2023\/11\/image00002-3-768x511.jpeg 768w, https:\/\/diariodigitalmx.com\/wp-content\/uploads\/2023\/11\/image00002-3-1536x1022.jpeg 1536w, https:\/\/diariodigitalmx.com\/wp-content\/uploads\/2023\/11\/image00002-3-2048x1363.jpeg 2048w\" sizes=\"(max-width: 1024px) 100vw, 1024px\" \/><\/figure>\n\n\n\n<figure class=\"wp-block-image size-large\"><img loading=\"lazy\" decoding=\"async\" width=\"1024\" height=\"681\" data-id=\"109459\" src=\"http:\/\/diariodigitalmx.com\/wp-content\/uploads\/2023\/11\/image00005-4-1024x681.jpeg\" alt=\"\" class=\"wp-image-109459\" srcset=\"https:\/\/diariodigitalmx.com\/wp-content\/uploads\/2023\/11\/image00005-4-1024x681.jpeg 1024w, https:\/\/diariodigitalmx.com\/wp-content\/uploads\/2023\/11\/image00005-4-300x200.jpeg 300w, https:\/\/diariodigitalmx.com\/wp-content\/uploads\/2023\/11\/image00005-4-768x511.jpeg 768w, https:\/\/diariodigitalmx.com\/wp-content\/uploads\/2023\/11\/image00005-4-1536x1022.jpeg 1536w, https:\/\/diariodigitalmx.com\/wp-content\/uploads\/2023\/11\/image00005-4-2048x1363.jpeg 2048w\" sizes=\"(max-width: 1024px) 100vw, 1024px\" \/><\/figure>\n<\/figure>\n\n\n\n<p>La Secretar\u00eda de Igualdad e Inclusi\u00f3n instal\u00f3 una Estaci\u00f3n de Servicio P\u00fablico en el CBTIS No. 99, en la colonia Laderas del Mirador, para acercar la oferta de programas y servicios de diversas dependencias y organizaciones que participan.<\/p>\n","protected":false},"excerpt":{"rendered":"<p>Monterrey.- Las Secretar\u00eda de Igualdad e Inclusi\u00f3n coloc\u00f3 la primera piedra del Camino Peatonal Santa Isabel, en el municipio de Monterrey. El espacio forma parte del Plan Maestro Campana \u2013 Altamira, el cual beneficiar\u00e1 a m\u00e1s de 5 mil personas y facilitar\u00e1 el acceso a los hogares de las personas en el sector. La Secretaria [&hellip;]<\/p>\n","protected":false},"author":1,"featured_media":109451,"comment_status":"open","ping_status":"open","sticky":true,"template":"","format":"standard","meta":{"footnotes":""},"categories":[14,6],"tags":[],"_links":{"self":[{"href":"https:\/\/diariodigitalmx.com\/index.php\/wp-json\/wp\/v2\/posts\/109448"}],"collection":[{"href":"https:\/\/diariodigitalmx.com\/index.php\/wp-json\/wp\/v2\/posts"}],"about":[{"href":"https:\/\/diariodigitalmx.com\/index.php\/wp-json\/wp\/v2\/types\/post"}],"author":[{"embeddable":true,"href":"https:\/\/diariodigitalmx.com\/index.php\/wp-json\/wp\/v2\/users\/1"}],"replies":[{"embeddable":true,"href":"https:\/\/diariodigitalmx.com\/index.php\/wp-json\/wp\/v2\/comments?post=109448"}],"version-history":[{"count":4,"href":"https:\/\/diariodigitalmx.com\/index.php\/wp-json\/wp\/v2\/posts\/109448\/revisions"}],"predecessor-version":[{"id":109460,"href":"https:\/\/diariodigitalmx.com\/index.php\/wp-json\/wp\/v2\/posts\/109448\/revisions\/109460"}],"wp:featuredmedia":[{"embeddable":true,"href":"https:\/\/diariodigitalmx.com\/index.php\/wp-json\/wp\/v2\/media\/109451"}],"wp:attachment":[{"href":"https:\/\/diariodigitalmx.com\/index.php\/wp-json\/wp\/v2\/media?parent=109448"}],"wp:term":[{"taxonomy":"category","embeddable":true,"href":"https:\/\/diariodigitalmx.com\/index.php\/wp-json\/wp\/v2\/categories?post=109448"},{"taxonomy":"post_tag","embeddable":true,"href":"https:\/\/diariodigitalmx.com\/index.php\/wp-json\/wp\/v2\/tags?post=109448"}],"curies":[{"name":"wp","href":"https:\/\/api.w.org\/{rel}","templated":true}]}}