{"id":109472,"date":"2023-11-16T00:12:44","date_gmt":"2023-11-16T06:12:44","guid":{"rendered":"http:\/\/diariodigitalmx.com\/?p=109472"},"modified":"2023-11-16T00:13:22","modified_gmt":"2023-11-16T06:13:22","slug":"los-angeles-de-sammy","status":"publish","type":"post","link":"https:\/\/diariodigitalmx.com\/index.php\/2023\/11\/16\/los-angeles-de-sammy\/","title":{"rendered":"Los \u00e1ngeles de Sammy"},"content":{"rendered":"\n<p>Les impusieron agendas conjuntas. Lo hicieron por el bien del proyecto pol\u00edtico. Sumar votos en carretadas. As\u00ed los distritos locales, los federales y por la gubernatura, con el \u00fanico fin: consolidar la figura de Samuel Garc\u00eda.<\/p>\n\n\n\n<p>En el trayecto cotidiano, las buenas ideas se erosionaron. Mas de tres cabezas, con sus diferentes categor\u00edas, inteligencias, arraigo y sensatez, desconocieron las patadas por debajo de la mesa.<\/p>\n\n\n\n<p>La principal detractora es la mejor beneficiada. Claro. El agua y el aceite no se mezclan. Mucho menos en zonas donde el privilegio social reconoce apellidos, trayectoria e imagen.<\/p>\n\n\n\n<p>Ximena Peredo, la exactivista y ahora secretaria de participaci\u00f3n ciudadana estatal, perdedora de calle en las casillas. Amenazante, como aprendi\u00f3 de sus mentores period\u00edsticos, utiliza la patente de corzo para amenazar, incluso a sus compa\u00f1eras mujeres.<\/p>\n\n\n\n<p>Poco sorora, les refuta a pantallazos: no sabes quien soy o con quien te estas metiendo.<\/p>\n\n\n\n<p>No extra\u00f1a su proceder. Clava colmillos en carne blanda. Bien cocida. Si se trata de calumniar, como lo hace en tiempo presente y en el inmediato pasado, el historial de errores la tiene sentada con amparo judicial en su puesto.<\/p>\n\n\n\n<p>Aspira, si lo hace, a competir en las boletas electorales del 2024. Ha fraguado, a espaldas de otras secretar\u00edas, el juego de datos de lideresas en las zonas de San Pedro Garza Garc\u00eda y Santa Catarina, donde reside en la actualidad.<\/p>\n\n\n\n<p>Olvida, no. Pretende ser candidata tomando caf\u00e9 y galletas en jardines de colonias exclusivas, a donde le invitan por gestiones de sus otras compa\u00f1eras del proyecto pol\u00edtico de Samuel.<\/p>\n\n\n\n<p>Jam\u00e1s menciona, su costumbre de difamar y de romper pactos pol\u00edticos. Solo por el simple acto de doble intencionalidad. Sustentar una inexistente pulcritud personal y congruencia. Donde se le conoce, a Ximena Peredo, todo el peso de su soberbia.<\/p>\n","protected":false},"excerpt":{"rendered":"<p>Les impusieron agendas conjuntas. Lo hicieron por el bien del proyecto pol\u00edtico. Sumar votos en carretadas. As\u00ed los distritos locales, los federales y por la gubernatura, con el \u00fanico fin: consolidar la figura de Samuel Garc\u00eda. En el trayecto cotidiano, las buenas ideas se erosionaron. Mas de tres cabezas, con sus diferentes categor\u00edas, inteligencias, arraigo [&hellip;]<\/p>\n","protected":false},"author":1,"featured_media":109474,"comment_status":"open","ping_status":"open","sticky":true,"template":"","format":"standard","meta":{"footnotes":""},"categories":[14,12],"tags":[],"_links":{"self":[{"href":"https:\/\/diariodigitalmx.com\/index.php\/wp-json\/wp\/v2\/posts\/109472"}],"collection":[{"href":"https:\/\/diariodigitalmx.com\/index.php\/wp-json\/wp\/v2\/posts"}],"about":[{"href":"https:\/\/diariodigitalmx.com\/index.php\/wp-json\/wp\/v2\/types\/post"}],"author":[{"embeddable":true,"href":"https:\/\/diariodigitalmx.com\/index.php\/wp-json\/wp\/v2\/users\/1"}],"replies":[{"embeddable":true,"href":"https:\/\/diariodigitalmx.com\/index.php\/wp-json\/wp\/v2\/comments?post=109472"}],"version-history":[{"count":1,"href":"https:\/\/diariodigitalmx.com\/index.php\/wp-json\/wp\/v2\/posts\/109472\/revisions"}],"predecessor-version":[{"id":109473,"href":"https:\/\/diariodigitalmx.com\/index.php\/wp-json\/wp\/v2\/posts\/109472\/revisions\/109473"}],"wp:featuredmedia":[{"embeddable":true,"href":"https:\/\/diariodigitalmx.com\/index.php\/wp-json\/wp\/v2\/media\/109474"}],"wp:attachment":[{"href":"https:\/\/diariodigitalmx.com\/index.php\/wp-json\/wp\/v2\/media?parent=109472"}],"wp:term":[{"taxonomy":"category","embeddable":true,"href":"https:\/\/diariodigitalmx.com\/index.php\/wp-json\/wp\/v2\/categories?post=109472"},{"taxonomy":"post_tag","embeddable":true,"href":"https:\/\/diariodigitalmx.com\/index.php\/wp-json\/wp\/v2\/tags?post=109472"}],"curies":[{"name":"wp","href":"https:\/\/api.w.org\/{rel}","templated":true}]}}