{"id":109493,"date":"2023-11-16T08:21:40","date_gmt":"2023-11-16T14:21:40","guid":{"rendered":"http:\/\/diariodigitalmx.com\/?p=109493"},"modified":"2023-11-16T08:22:15","modified_gmt":"2023-11-16T14:22:15","slug":"el-temor-de-samuel-cual-es","status":"publish","type":"post","link":"https:\/\/diariodigitalmx.com\/index.php\/2023\/11\/16\/el-temor-de-samuel-cual-es\/","title":{"rendered":"El temor de Samuel, \u00bfcu\u00e1l es?"},"content":{"rendered":"\n<p><br>Ra\u00fal Guajardo Cant\u00fa<br>Resulta m\u00e1s o menos obvio que el gobernador de Nuevo Le\u00f3n, Samuel Garc\u00eda, bajo ning\u00fan concepto desea que quien quede como gobernador interino mientras \u00e9l va tras un sue\u00f1o, el de ser presidente de la Rep\u00fablica, sea alg\u00fan miembro de otro partido, mucho menos que sea alguien perteneciente a alguno de los grupos pol\u00edticos con los cuales tiene alguna diferencia.<br>M\u00e1s que celo, parece miedo, la pregunta ser\u00eda \u00bfa qu\u00e9?<br>\u00bfCu\u00e1l puede ser el temor de Samuel?<br>Varias son las hip\u00f3tesis que pudi\u00e9ramos avanzar para explicar por qu\u00e9 el gobernador del estado inclusive est\u00e1 dispuesto a pasar por encima de la ley para imponer a su sustituto, ya sea a trav\u00e9s de una \u201cchicanada\u201d o de alg\u00fan otro recurso.<br>La primera hip\u00f3tesis que podr\u00edamos avanzar consiste en sospechar que el gobernador tiene algunos \u201cesqueletos en el cl\u00f3set\u201d que no quiere que salgan a la luz en caso de que su oficina sea ocupada por alguien que no le sea leal y vea hacia otro lado para no darse por enterado.<br>Esta hip\u00f3tesis tiene como base el hecho de que algunas de las decisiones tomadas no han sido precisamente muy claras que digamos, en algunos casos han sido sus propios colaboradores quienes lo han llevado por ese camino, solo hay que recordar c\u00f3mo una persona de su equipo de comunicaci\u00f3n tuvo que dejar el puesto y ser protegido en el partido naranja para no ser perseguido por desviar, presuntamente, algunos fondos.<br>Pero no solo ese caso existe, hay algunos otros que han sido ampliamente comentados y que tienen que ver con algunas licitaciones o adjudicaciones de obras.<br>Esa puede ser una hip\u00f3tesis, pero habr\u00eda otras, por ejemplo, que tenga miedo de ser saboteado en sus planes de competir por la presidencia debido a que alg\u00fan miembro de la \u201cvieja pol\u00edtica\u201d le haga a \u00e9l una \u201cchicanada\u201d que le afecte aunque despu\u00e9s le salgan con el consabido, \u201custed disculpe\u201d, pero mientras tanto ya habr\u00eda perdido la oportunidad que puede ser la \u00fanica para \u00e9l.<br>No podemos descartar que ese sea su temor, tampoco afirmar que el primero lo sea, solo podemos especular porque el gobierno estatal no ha sido precisamente una caja de cristal, pero habr\u00e1 que esperar ahora que un magistrado de la Suprema Corte ha devuelto la pelota a la chancha de los diputados.<br>Mientras solo podemos hacernos la pregunta que da t\u00edtulo a este art\u00edculo: El temor de Samuel, \u00bfcu\u00e1l es?<\/p>\n","protected":false},"excerpt":{"rendered":"<p>Ra\u00fal Guajardo Cant\u00faResulta m\u00e1s o menos obvio que el gobernador de Nuevo Le\u00f3n, Samuel Garc\u00eda, bajo ning\u00fan concepto desea que quien quede como gobernador interino mientras \u00e9l va tras un sue\u00f1o, el de ser presidente de la Rep\u00fablica, sea alg\u00fan miembro de otro partido, mucho menos que sea alguien perteneciente a alguno de los grupos [&hellip;]<\/p>\n","protected":false},"author":1,"featured_media":109495,"comment_status":"open","ping_status":"open","sticky":true,"template":"","format":"standard","meta":{"footnotes":""},"categories":[14,12],"tags":[],"_links":{"self":[{"href":"https:\/\/diariodigitalmx.com\/index.php\/wp-json\/wp\/v2\/posts\/109493"}],"collection":[{"href":"https:\/\/diariodigitalmx.com\/index.php\/wp-json\/wp\/v2\/posts"}],"about":[{"href":"https:\/\/diariodigitalmx.com\/index.php\/wp-json\/wp\/v2\/types\/post"}],"author":[{"embeddable":true,"href":"https:\/\/diariodigitalmx.com\/index.php\/wp-json\/wp\/v2\/users\/1"}],"replies":[{"embeddable":true,"href":"https:\/\/diariodigitalmx.com\/index.php\/wp-json\/wp\/v2\/comments?post=109493"}],"version-history":[{"count":1,"href":"https:\/\/diariodigitalmx.com\/index.php\/wp-json\/wp\/v2\/posts\/109493\/revisions"}],"predecessor-version":[{"id":109494,"href":"https:\/\/diariodigitalmx.com\/index.php\/wp-json\/wp\/v2\/posts\/109493\/revisions\/109494"}],"wp:featuredmedia":[{"embeddable":true,"href":"https:\/\/diariodigitalmx.com\/index.php\/wp-json\/wp\/v2\/media\/109495"}],"wp:attachment":[{"href":"https:\/\/diariodigitalmx.com\/index.php\/wp-json\/wp\/v2\/media?parent=109493"}],"wp:term":[{"taxonomy":"category","embeddable":true,"href":"https:\/\/diariodigitalmx.com\/index.php\/wp-json\/wp\/v2\/categories?post=109493"},{"taxonomy":"post_tag","embeddable":true,"href":"https:\/\/diariodigitalmx.com\/index.php\/wp-json\/wp\/v2\/tags?post=109493"}],"curies":[{"name":"wp","href":"https:\/\/api.w.org\/{rel}","templated":true}]}}