{"id":109513,"date":"2023-11-16T16:59:29","date_gmt":"2023-11-16T22:59:29","guid":{"rendered":"http:\/\/diariodigitalmx.com\/?p=109513"},"modified":"2023-11-16T17:01:35","modified_gmt":"2023-11-16T23:01:35","slug":"reconoce-escobedo-a-policias-destacados-2","status":"publish","type":"post","link":"https:\/\/diariodigitalmx.com\/index.php\/2023\/11\/16\/reconoce-escobedo-a-policias-destacados-2\/","title":{"rendered":"Reconoce Escobedo a polic\u00edas destacados"},"content":{"rendered":"\n<p><br>Por su ardua y loable labor en favor de la ciudadan\u00eda, el Gobierno Municipal de Escobedo reconoci\u00f3 este jueves a elementos de la Secretar\u00eda de Seguridad Ciudadana.<br>El Alcalde Andr\u00e9s Mijes junto a Marco Antonio Zavala, Secretario de Seguridad Ciudadano agradecieron a los uniformados por proteger a la ciudadan\u00eda y cumplir con la misi\u00f3n de prevenir que no se disparen los \u00edndices delictivos.<br>\u201cDe lo que se trata es que ustedes est\u00e9n bien para que puedan servir mejor a la ciudadan\u00eda, les agradezco todo el esfuerzo que hacen y todo el trabajo que han hecho, la disciplina que tienen y sobretodo la lealtad a la instituci\u00f3n\u201d, expres\u00f3 el Alcalde en su mensaje.<\/p>\n\n\n\n<figure class=\"wp-block-image size-large\"><img loading=\"lazy\" decoding=\"async\" width=\"1024\" height=\"683\" src=\"http:\/\/diariodigitalmx.com\/wp-content\/uploads\/2023\/11\/Q9A1605-1024x683.jpg\" alt=\"\" class=\"wp-image-109517\" srcset=\"https:\/\/diariodigitalmx.com\/wp-content\/uploads\/2023\/11\/Q9A1605-1024x683.jpg 1024w, https:\/\/diariodigitalmx.com\/wp-content\/uploads\/2023\/11\/Q9A1605-300x200.jpg 300w, https:\/\/diariodigitalmx.com\/wp-content\/uploads\/2023\/11\/Q9A1605-768x512.jpg 768w, https:\/\/diariodigitalmx.com\/wp-content\/uploads\/2023\/11\/Q9A1605-1536x1024.jpg 1536w, https:\/\/diariodigitalmx.com\/wp-content\/uploads\/2023\/11\/Q9A1605-2048x1365.jpg 2048w\" sizes=\"(max-width: 1024px) 100vw, 1024px\" \/><\/figure>\n\n\n\n<p>Mijes, se\u00f1al\u00f3 que se est\u00e1 trabajando para reforzar a la Secretar\u00eda de Seguridad Ciudadana a fin de que los elementos, en sus distintas tareas, puedan desempe\u00f1ar sin problema su labor en la calle.<\/p>\n\n\n\n<figure class=\"wp-block-image size-large\"><img loading=\"lazy\" decoding=\"async\" width=\"1024\" height=\"683\" src=\"http:\/\/diariodigitalmx.com\/wp-content\/uploads\/2023\/11\/Q9A1633-1024x683.jpg\" alt=\"\" class=\"wp-image-109519\" srcset=\"https:\/\/diariodigitalmx.com\/wp-content\/uploads\/2023\/11\/Q9A1633-1024x683.jpg 1024w, https:\/\/diariodigitalmx.com\/wp-content\/uploads\/2023\/11\/Q9A1633-300x200.jpg 300w, https:\/\/diariodigitalmx.com\/wp-content\/uploads\/2023\/11\/Q9A1633-768x512.jpg 768w, https:\/\/diariodigitalmx.com\/wp-content\/uploads\/2023\/11\/Q9A1633-1536x1024.jpg 1536w, https:\/\/diariodigitalmx.com\/wp-content\/uploads\/2023\/11\/Q9A1633-2048x1365.jpg 2048w\" sizes=\"(max-width: 1024px) 100vw, 1024px\" \/><\/figure>\n\n\n\n<p>Los elementos que fueron reconocidos este jueves realizaron diversas acciones en favor de la ciudadan\u00eda como lo es la detenci\u00f3n de delincuentes y atenci\u00f3n de emergencias.<br>A los polic\u00edas, adem\u00e1s de su reconocimiento se les entreg\u00f3 un incentivo econ\u00f3mico.<\/p>\n","protected":false},"excerpt":{"rendered":"<p>Por su ardua y loable labor en favor de la ciudadan\u00eda, el Gobierno Municipal de Escobedo reconoci\u00f3 este jueves a elementos de la Secretar\u00eda de Seguridad Ciudadana.El Alcalde Andr\u00e9s Mijes junto a Marco Antonio Zavala, Secretario de Seguridad Ciudadano agradecieron a los uniformados por proteger a la ciudadan\u00eda y cumplir con la misi\u00f3n de prevenir [&hellip;]<\/p>\n","protected":false},"author":1,"featured_media":109515,"comment_status":"open","ping_status":"open","sticky":true,"template":"","format":"standard","meta":{"footnotes":""},"categories":[14,6],"tags":[],"_links":{"self":[{"href":"https:\/\/diariodigitalmx.com\/index.php\/wp-json\/wp\/v2\/posts\/109513"}],"collection":[{"href":"https:\/\/diariodigitalmx.com\/index.php\/wp-json\/wp\/v2\/posts"}],"about":[{"href":"https:\/\/diariodigitalmx.com\/index.php\/wp-json\/wp\/v2\/types\/post"}],"author":[{"embeddable":true,"href":"https:\/\/diariodigitalmx.com\/index.php\/wp-json\/wp\/v2\/users\/1"}],"replies":[{"embeddable":true,"href":"https:\/\/diariodigitalmx.com\/index.php\/wp-json\/wp\/v2\/comments?post=109513"}],"version-history":[{"count":3,"href":"https:\/\/diariodigitalmx.com\/index.php\/wp-json\/wp\/v2\/posts\/109513\/revisions"}],"predecessor-version":[{"id":109520,"href":"https:\/\/diariodigitalmx.com\/index.php\/wp-json\/wp\/v2\/posts\/109513\/revisions\/109520"}],"wp:featuredmedia":[{"embeddable":true,"href":"https:\/\/diariodigitalmx.com\/index.php\/wp-json\/wp\/v2\/media\/109515"}],"wp:attachment":[{"href":"https:\/\/diariodigitalmx.com\/index.php\/wp-json\/wp\/v2\/media?parent=109513"}],"wp:term":[{"taxonomy":"category","embeddable":true,"href":"https:\/\/diariodigitalmx.com\/index.php\/wp-json\/wp\/v2\/categories?post=109513"},{"taxonomy":"post_tag","embeddable":true,"href":"https:\/\/diariodigitalmx.com\/index.php\/wp-json\/wp\/v2\/tags?post=109513"}],"curies":[{"name":"wp","href":"https:\/\/api.w.org\/{rel}","templated":true}]}}