{"id":109527,"date":"2023-11-17T00:08:53","date_gmt":"2023-11-17T06:08:53","guid":{"rendered":"http:\/\/diariodigitalmx.com\/?p=109527"},"modified":"2023-11-17T00:10:00","modified_gmt":"2023-11-17T06:10:00","slug":"el-cuento-y-la-ley","status":"publish","type":"post","link":"https:\/\/diariodigitalmx.com\/index.php\/2023\/11\/17\/el-cuento-y-la-ley\/","title":{"rendered":"El cuento y la ley"},"content":{"rendered":"\n<p><br>Por lo pronto<br>Por Rodin<br>Cuando todav\u00eda\u2026 el gobierno naranja no acababa de curarse las heridas sufridas del fogonazo recibido de parte de los ministros de la Suprema Corte de Justicia, que llega otro golpe en vivo y a todo color del Tribunal Electoral del Poder Judicial de la Federaci\u00f3n. Quien el d\u00eda de ayer, los magistrados tuvieron a bien ratificar lo expuesto por la referida Corte de Justicia. Que se\u00f1ala.- que ser\u00e1 el Congreso del Estado, quien deber\u00e1 de reponer y seleccionar al ciudadano (a) que habr\u00e1 de suplir temporalmente al Gobernador Samuel Garc\u00eda, quien seguramente contender\u00e1 a la Presidencia de la Republica, bajo las siglas del Partido Pol\u00edtico Movimiento Ciudadano, cuyo due\u00f1o es el Maquiav\u00e9lico. Dante Delgado.<br>Recordemos que en M\u00e9xico, los ciudadanos ejercen su soberan\u00eda a trav\u00e9s de los Poderes de la Uni\u00f3n, conformados por el Poder Legislativo, Ejecutivo y Judicial. El Poder Judicial se deposita en la Suprema Corte de Justicia, en un Tribunal Electoral, en Tribunales Colegiados y Unitarios de Circuito y en Juzgados de Distrito. El Poder Ejecutivo se deposita en el Presidente de los Estados Unidos Mexicanos, quien dura seis a\u00f1os en su cargo sin opci\u00f3n a ser reelecto. El Congreso de la Uni\u00f3n constituye el Poder Legislativo y se integra por una C\u00e1mara de Diputados y una de Senadores. La primera, la forman 500 diputados electos por tres a\u00f1os, y la segunda, por 128 senadores que duran seis a\u00f1os en el puesto.<br>Por lo que las leyes nos indican formas de comportamiento que todos debemos respetar, sin excepci\u00f3n. Hoy, los mexicanos vivimos y nos organizamos de acuerdo con una serie de normas jur\u00eddicas o leyes que nos obligan a actuar de cierta manera.<br>En el caso Nuevo Le\u00f3n, no todos los servidores p\u00fablicos que acompa\u00f1an al hoy Gobernador en su traves\u00eda pol\u00edtica son grises. Sino que hay voces sensibles e inteligentes que han aconsejado al mandam\u00e1s estatal, que respete las leyes que imperan en la Constituci\u00f3n Pol\u00edtica del pa\u00eds. Y concretamente la del estado de Nuevo Le\u00f3n. Que al final de cuentas, la Constituci\u00f3n Pol\u00edtica se\u00f1ala en el art\u00edculo 128 que, \u201ctodo funcionario p\u00fablico sin excepci\u00f3n alguna, antes de tomar posesi\u00f3n de su encargo, prestar\u00e1 la protesta de guardar y hacer guardar la Constituci\u00f3n y las leyes que de ella emanen&#8221;.<br>Por lo pronto: creemos que el hoy gobernador terminara obedeciendo las normas jur\u00eddicas, y no copiara los argumentos populares del Presidente L\u00f3pez Obrador, al opinar atropelladamente. \u201c no me vengan a m\u00ed de que la ley es la ley, no me vengan con ese cuento de que la ley es la ley&#8221;.<br>Por otra parte an\u00f3tele un 10 a la activista Claudia Tapia, al proponer ante el Congreso del Estado, que se tome en cuenta la inclusi\u00f3n y la paridad de g\u00e9nero, para de una vez por todas, se seleccione a la Primera Gobernadora para cubrir el periodo de licencia del hoy Gobernador. Destacando entre otras, los nombres de las eficientes y conciliadoras ex funcionarias, Lic. Carlota Vargas Garza, y Lic. Minerva Mart\u00ednez Garza. Crucemos los dedos.<br>Comentarios a rodin2511@hotmail.com<\/p>\n","protected":false},"excerpt":{"rendered":"<p>Por lo prontoPor RodinCuando todav\u00eda\u2026 el gobierno naranja no acababa de curarse las heridas sufridas del fogonazo recibido de parte de los ministros de la Suprema Corte de Justicia, que llega otro golpe en vivo y a todo color del Tribunal Electoral del Poder Judicial de la Federaci\u00f3n. Quien el d\u00eda de ayer, los magistrados [&hellip;]<\/p>\n","protected":false},"author":1,"featured_media":109529,"comment_status":"open","ping_status":"open","sticky":true,"template":"","format":"standard","meta":{"footnotes":""},"categories":[14,12],"tags":[],"_links":{"self":[{"href":"https:\/\/diariodigitalmx.com\/index.php\/wp-json\/wp\/v2\/posts\/109527"}],"collection":[{"href":"https:\/\/diariodigitalmx.com\/index.php\/wp-json\/wp\/v2\/posts"}],"about":[{"href":"https:\/\/diariodigitalmx.com\/index.php\/wp-json\/wp\/v2\/types\/post"}],"author":[{"embeddable":true,"href":"https:\/\/diariodigitalmx.com\/index.php\/wp-json\/wp\/v2\/users\/1"}],"replies":[{"embeddable":true,"href":"https:\/\/diariodigitalmx.com\/index.php\/wp-json\/wp\/v2\/comments?post=109527"}],"version-history":[{"count":1,"href":"https:\/\/diariodigitalmx.com\/index.php\/wp-json\/wp\/v2\/posts\/109527\/revisions"}],"predecessor-version":[{"id":109528,"href":"https:\/\/diariodigitalmx.com\/index.php\/wp-json\/wp\/v2\/posts\/109527\/revisions\/109528"}],"wp:featuredmedia":[{"embeddable":true,"href":"https:\/\/diariodigitalmx.com\/index.php\/wp-json\/wp\/v2\/media\/109529"}],"wp:attachment":[{"href":"https:\/\/diariodigitalmx.com\/index.php\/wp-json\/wp\/v2\/media?parent=109527"}],"wp:term":[{"taxonomy":"category","embeddable":true,"href":"https:\/\/diariodigitalmx.com\/index.php\/wp-json\/wp\/v2\/categories?post=109527"},{"taxonomy":"post_tag","embeddable":true,"href":"https:\/\/diariodigitalmx.com\/index.php\/wp-json\/wp\/v2\/tags?post=109527"}],"curies":[{"name":"wp","href":"https:\/\/api.w.org\/{rel}","templated":true}]}}