{"id":109530,"date":"2023-11-17T00:29:11","date_gmt":"2023-11-17T06:29:11","guid":{"rendered":"http:\/\/diariodigitalmx.com\/?p=109530"},"modified":"2023-11-17T00:29:49","modified_gmt":"2023-11-17T06:29:49","slug":"aprueban-11-que-creen-en-candidaturas-independientes-en-nl","status":"publish","type":"post","link":"https:\/\/diariodigitalmx.com\/index.php\/2023\/11\/17\/aprueban-11-que-creen-en-candidaturas-independientes-en-nl\/","title":{"rendered":"Aprueban 11 que creen en candidaturas independientes en NL"},"content":{"rendered":"\n<p>Monterrey.- El Consejo General del Instituto Estatal Electoral y de Participaci\u00f3n Ciudadana de Nuevo Le\u00f3n (IEEPCNL) acredit\u00f3 11 solicitudes de intenci\u00f3n de personas que buscan competir a trav\u00e9s de una candidatura independiente en las pr\u00f3ximas elecciones, luego de verificar que cumplieran con todos los requisitos las 43 solicitudes presentadas.<\/p>\n\n\n\n<p>El Instituto aprob\u00f3 4 solicitudes de registro para Diputaciones locales, de 34 recibidas; y 7 solicitudes de registro para Ayuntamientos, de 9 admitidas.<\/p>\n\n\n\n<p>Para diputaciones locales, van los siguientes: Gonzalo Francisco Gayt\u00e1n L\u00f3pez y Eduardo Gayt\u00e1n L\u00f3pez, a los cargos de diputado propietario y suplente, respectivamente, para el Distrito 21; Ma. del Carmen Villa Laureano y Mar\u00eda Elena Garc\u00eda Aguilar, para el Distrito 25; Miroslava Salinas Garza y Mayra Alejandra D\u00e1vila Calva, para el Distrito 2, y Juan Carlos Leal Segovia, al cargo de diputado propietario para el Distrito 6.<\/p>\n\n\n\n<p>Respecto a Ayuntamientos o Alcald\u00edas, el IEEPCNL aprob\u00f3 como aspirantes a una candidatura independiente las solicitudes de registro de las planillas que encabezan:<br>Vivianne Clariond Domene, para San Pedro Garza Garc\u00eda; Javier Gonz\u00e1lez Garc\u00eda, para Ci\u00e9nega de Flores; V\u00edctor Manuel Martinez Gonzales, para San Pedro Garza Garc\u00eda; Napole\u00f3n Tufic Xiqui Herrera, para Guadalupe; H\u00e9ctor Jes\u00fas Briones L\u00f3pez, para Monterrey; H\u00e9ctor Francisco Garc\u00eda Mor\u00edn, para Guadalupe, y Jos\u00e9 Luis Garza Jim\u00e9nez, para Guadalupe, tambi\u00e9n.<\/p>\n","protected":false},"excerpt":{"rendered":"<p>Monterrey.- El Consejo General del Instituto Estatal Electoral y de Participaci\u00f3n Ciudadana de Nuevo Le\u00f3n (IEEPCNL) acredit\u00f3 11 solicitudes de intenci\u00f3n de personas que buscan competir a trav\u00e9s de una candidatura independiente en las pr\u00f3ximas elecciones, luego de verificar que cumplieran con todos los requisitos las 43 solicitudes presentadas. El Instituto aprob\u00f3 4 solicitudes de [&hellip;]<\/p>\n","protected":false},"author":1,"featured_media":109532,"comment_status":"open","ping_status":"open","sticky":true,"template":"","format":"standard","meta":{"footnotes":""},"categories":[6,3],"tags":[],"_links":{"self":[{"href":"https:\/\/diariodigitalmx.com\/index.php\/wp-json\/wp\/v2\/posts\/109530"}],"collection":[{"href":"https:\/\/diariodigitalmx.com\/index.php\/wp-json\/wp\/v2\/posts"}],"about":[{"href":"https:\/\/diariodigitalmx.com\/index.php\/wp-json\/wp\/v2\/types\/post"}],"author":[{"embeddable":true,"href":"https:\/\/diariodigitalmx.com\/index.php\/wp-json\/wp\/v2\/users\/1"}],"replies":[{"embeddable":true,"href":"https:\/\/diariodigitalmx.com\/index.php\/wp-json\/wp\/v2\/comments?post=109530"}],"version-history":[{"count":1,"href":"https:\/\/diariodigitalmx.com\/index.php\/wp-json\/wp\/v2\/posts\/109530\/revisions"}],"predecessor-version":[{"id":109531,"href":"https:\/\/diariodigitalmx.com\/index.php\/wp-json\/wp\/v2\/posts\/109530\/revisions\/109531"}],"wp:featuredmedia":[{"embeddable":true,"href":"https:\/\/diariodigitalmx.com\/index.php\/wp-json\/wp\/v2\/media\/109532"}],"wp:attachment":[{"href":"https:\/\/diariodigitalmx.com\/index.php\/wp-json\/wp\/v2\/media?parent=109530"}],"wp:term":[{"taxonomy":"category","embeddable":true,"href":"https:\/\/diariodigitalmx.com\/index.php\/wp-json\/wp\/v2\/categories?post=109530"},{"taxonomy":"post_tag","embeddable":true,"href":"https:\/\/diariodigitalmx.com\/index.php\/wp-json\/wp\/v2\/tags?post=109530"}],"curies":[{"name":"wp","href":"https:\/\/api.w.org\/{rel}","templated":true}]}}