{"id":109549,"date":"2023-11-17T15:36:16","date_gmt":"2023-11-17T21:36:16","guid":{"rendered":"http:\/\/diariodigitalmx.com\/?p=109549"},"modified":"2023-11-17T15:37:53","modified_gmt":"2023-11-17T21:37:53","slug":"ya-se-caso","status":"publish","type":"post","link":"https:\/\/diariodigitalmx.com\/index.php\/2023\/11\/17\/ya-se-caso\/","title":{"rendered":"Ya se cas\u00f3"},"content":{"rendered":"\n<figure class=\"wp-block-image size-full\"><img loading=\"lazy\" decoding=\"async\" width=\"640\" height=\"640\" src=\"http:\/\/diariodigitalmx.com\/wp-content\/uploads\/2023\/11\/IMG_20231117_153447_192.webp\" alt=\"\" class=\"wp-image-109552\" srcset=\"https:\/\/diariodigitalmx.com\/wp-content\/uploads\/2023\/11\/IMG_20231117_153447_192.webp 640w, https:\/\/diariodigitalmx.com\/wp-content\/uploads\/2023\/11\/IMG_20231117_153447_192-300x300.webp 300w, https:\/\/diariodigitalmx.com\/wp-content\/uploads\/2023\/11\/IMG_20231117_153447_192-150x150.webp 150w\" sizes=\"(max-width: 640px) 100vw, 640px\" \/><\/figure>\n\n\n\n<p>Claudia Sheinbaum, se cas\u00f3 este viernes con Jes\u00fas Mar\u00eda Tarriba.<\/p>\n\n\n\n<p>&#8220;Les comparto que el d\u00eda de hoy Jes\u00fas y yo nos casamos en una ceremonia \u00edntima y familiar. Estamos muy felices&#8221;, dijo en sus redes sociales y previo al hecho, comparti\u00f3 una imagen de unos anillos de boda: y la frase: &#8220;Les tengo una noticia&#8221;.<\/p>\n\n\n\n<figure class=\"wp-block-image size-full\"><img loading=\"lazy\" decoding=\"async\" width=\"640\" height=\"640\" src=\"http:\/\/diariodigitalmx.com\/wp-content\/uploads\/2023\/11\/IMG_20231117_153447_345.webp\" alt=\"\" class=\"wp-image-109555\" srcset=\"https:\/\/diariodigitalmx.com\/wp-content\/uploads\/2023\/11\/IMG_20231117_153447_345.webp 640w, https:\/\/diariodigitalmx.com\/wp-content\/uploads\/2023\/11\/IMG_20231117_153447_345-300x300.webp 300w, https:\/\/diariodigitalmx.com\/wp-content\/uploads\/2023\/11\/IMG_20231117_153447_345-150x150.webp 150w\" sizes=\"(max-width: 640px) 100vw, 640px\" \/><\/figure>\n\n\n\n<p>&#8220;Mi pareja es mi novio en la Facultad. Estudiamos F\u00edsica, fuimos novios por a\u00f1o y medio, luego me cas\u00e9. Treinta a\u00f1os despu\u00e9s me separ\u00e9 y en Facebook le pregunt\u00e9 si quer\u00eda ser mi amigo, \u00e9l viv\u00eda en Espa\u00f1a y vino a verme a M\u00e9xico, llevamos casi seis a\u00f1os&#8221;, se\u00f1al\u00f3 la aspirante presidencial de Morena el 23 de noviembre pasado.<\/p>\n\n\n\n<p>&#8220;Nos vamos a casar, los dos lo decidimos; es algo lindo. Es una maravilla tener una pareja. \u00c9l es muy tranquilo y vive feliz leyendo. No hay una demanda de &#8216;\u00bfa qu\u00e9 hora llegas?&#8217;. Los tiempos que estamos juntos nos divertimos mucho, muchas veces lo invito a que me acompa\u00f1e&#8221;, expuso en una entrevista de radio con Martha Debayle.<\/p>\n\n\n\n<p><\/p>\n","protected":false},"excerpt":{"rendered":"<p>Claudia Sheinbaum, se cas\u00f3 este viernes con Jes\u00fas Mar\u00eda Tarriba. &#8220;Les comparto que el d\u00eda de hoy Jes\u00fas y yo nos casamos en una ceremonia \u00edntima y familiar. Estamos muy felices&#8221;, dijo en sus redes sociales y previo al hecho, comparti\u00f3 una imagen de unos anillos de boda: y la frase: &#8220;Les tengo una noticia&#8221;. [&hellip;]<\/p>\n","protected":false},"author":1,"featured_media":109551,"comment_status":"open","ping_status":"open","sticky":true,"template":"","format":"standard","meta":{"footnotes":""},"categories":[8,2],"tags":[],"_links":{"self":[{"href":"https:\/\/diariodigitalmx.com\/index.php\/wp-json\/wp\/v2\/posts\/109549"}],"collection":[{"href":"https:\/\/diariodigitalmx.com\/index.php\/wp-json\/wp\/v2\/posts"}],"about":[{"href":"https:\/\/diariodigitalmx.com\/index.php\/wp-json\/wp\/v2\/types\/post"}],"author":[{"embeddable":true,"href":"https:\/\/diariodigitalmx.com\/index.php\/wp-json\/wp\/v2\/users\/1"}],"replies":[{"embeddable":true,"href":"https:\/\/diariodigitalmx.com\/index.php\/wp-json\/wp\/v2\/comments?post=109549"}],"version-history":[{"count":3,"href":"https:\/\/diariodigitalmx.com\/index.php\/wp-json\/wp\/v2\/posts\/109549\/revisions"}],"predecessor-version":[{"id":109556,"href":"https:\/\/diariodigitalmx.com\/index.php\/wp-json\/wp\/v2\/posts\/109549\/revisions\/109556"}],"wp:featuredmedia":[{"embeddable":true,"href":"https:\/\/diariodigitalmx.com\/index.php\/wp-json\/wp\/v2\/media\/109551"}],"wp:attachment":[{"href":"https:\/\/diariodigitalmx.com\/index.php\/wp-json\/wp\/v2\/media?parent=109549"}],"wp:term":[{"taxonomy":"category","embeddable":true,"href":"https:\/\/diariodigitalmx.com\/index.php\/wp-json\/wp\/v2\/categories?post=109549"},{"taxonomy":"post_tag","embeddable":true,"href":"https:\/\/diariodigitalmx.com\/index.php\/wp-json\/wp\/v2\/tags?post=109549"}],"curies":[{"name":"wp","href":"https:\/\/api.w.org\/{rel}","templated":true}]}}