{"id":109557,"date":"2023-11-17T16:49:14","date_gmt":"2023-11-17T22:49:14","guid":{"rendered":"http:\/\/diariodigitalmx.com\/?p=109557"},"modified":"2023-11-17T16:54:35","modified_gmt":"2023-11-17T22:54:35","slug":"replicara-ong-modelo-de-escobedo-para-combatir-el-mal-trato-animal","status":"publish","type":"post","link":"https:\/\/diariodigitalmx.com\/index.php\/2023\/11\/17\/replicara-ong-modelo-de-escobedo-para-combatir-el-mal-trato-animal\/","title":{"rendered":"Replicar\u00e1 ONG modelo de Escobedo para combatir el mal trato animal"},"content":{"rendered":"\n<p>La lucha que ha emprendido el Municipio de Escobedo para combatir el maltrato animal, contin\u00faa siendo ejemplo a nivel nacional, y ahora ser\u00e1 replicado por activistas en la Ciudad de M\u00e9xico.<\/p>\n\n\n\n<p>El Alcalde Andr\u00e9s Mijes junto a Melissa Ramos, Directora de Protecci\u00f3n Animal, recibi\u00f3 a activistas independientes e integrantes de la Fundaci\u00f3n Antonio Haghenbeck, a quienes les present\u00f3 las acciones que se tienen en Escobedo para proteger a las mascotas y brindarles una mejor calidad de vida.<\/p>\n\n\n\n<figure class=\"wp-block-image size-large\"><img loading=\"lazy\" decoding=\"async\" width=\"1024\" height=\"681\" src=\"http:\/\/diariodigitalmx.com\/wp-content\/uploads\/2023\/11\/Q9A1881-1024x681.jpg\" alt=\"\" class=\"wp-image-109562\" srcset=\"https:\/\/diariodigitalmx.com\/wp-content\/uploads\/2023\/11\/Q9A1881-1024x681.jpg 1024w, https:\/\/diariodigitalmx.com\/wp-content\/uploads\/2023\/11\/Q9A1881-300x199.jpg 300w, https:\/\/diariodigitalmx.com\/wp-content\/uploads\/2023\/11\/Q9A1881-768x511.jpg 768w, https:\/\/diariodigitalmx.com\/wp-content\/uploads\/2023\/11\/Q9A1881-1536x1021.jpg 1536w, https:\/\/diariodigitalmx.com\/wp-content\/uploads\/2023\/11\/Q9A1881-2048x1362.jpg 2048w\" sizes=\"(max-width: 1024px) 100vw, 1024px\" \/><\/figure>\n\n\n\n<p>Mijes destac\u00f3 que, a trav\u00e9s de la Direcci\u00f3n de Protecci\u00f3n y Bienestar Animal se trabaja para salvaguardar a los animales y castigar la violencia de la que son objeto los animales, tanto en sus hogares como en la calle.<\/p>\n\n\n\n<p>\u201cNosotros estamos convencidos de que, a trav\u00e9s de la educaci\u00f3n, es como vamos a tener una buena cultura del buen trato animal, y qu\u00e9 mejor que educar a los ni\u00f1os, que sean el ejemplo aqu\u00ed en la escuela y en su casa, sobre todo que puedan transmitir este conocimiento a sus padres de c\u00f3mo tratar bien a un animal, aprender a quererlos y a no maltratarlos, porque tener un animalito de compa\u00f1\u00eda es una gran responsabilidad\u201d, expres\u00f3 el Alcalde.<\/p>\n\n\n\n<figure class=\"wp-block-image size-large\"><img loading=\"lazy\" decoding=\"async\" width=\"1024\" height=\"683\" src=\"http:\/\/diariodigitalmx.com\/wp-content\/uploads\/2023\/11\/Q9A1988-1024x683.jpg\" alt=\"\" class=\"wp-image-109564\" srcset=\"https:\/\/diariodigitalmx.com\/wp-content\/uploads\/2023\/11\/Q9A1988-1024x683.jpg 1024w, https:\/\/diariodigitalmx.com\/wp-content\/uploads\/2023\/11\/Q9A1988-300x200.jpg 300w, https:\/\/diariodigitalmx.com\/wp-content\/uploads\/2023\/11\/Q9A1988-768x512.jpg 768w, https:\/\/diariodigitalmx.com\/wp-content\/uploads\/2023\/11\/Q9A1988-1536x1024.jpg 1536w, https:\/\/diariodigitalmx.com\/wp-content\/uploads\/2023\/11\/Q9A1988-2048x1365.jpg 2048w\" sizes=\"(max-width: 1024px) 100vw, 1024px\" \/><\/figure>\n\n\n\n<p>Cecilia Vega y Carmela Rivero de la Fundaci\u00f3n Antonio Haghenbeck, as\u00ed como la activista Elideth Fern\u00e1ndez conocieron de primera mano el andamiaje jur\u00eddico que tiene el Municipio para castigar el maltrato animal, destacando el modelo de Justicia C\u00edvica.<\/p>\n\n\n\n<p>Adem\u00e1s, tambi\u00e9n se present\u00f3 el programa &#8220;Huellas que transforman&#8221;, con el cual a trav\u00e9s de pl\u00e1ticas y actividades l\u00fadicas se educa a las infancias sobre el buen cuidado de las mascotas, as\u00ed mismo, conocieron las instalaciones de la Cl\u00ednica Veterinaria Municipal y la Direcci\u00f3n de Protecci\u00f3n Animal y el c\u00f3mo se trabaja con los animales que son rescatados en las calles o casa y como se busca brindarles un nuevo hogar.<\/p>\n","protected":false},"excerpt":{"rendered":"<p>La lucha que ha emprendido el Municipio de Escobedo para combatir el maltrato animal, contin\u00faa siendo ejemplo a nivel nacional, y ahora ser\u00e1 replicado por activistas en la Ciudad de M\u00e9xico. El Alcalde Andr\u00e9s Mijes junto a Melissa Ramos, Directora de Protecci\u00f3n Animal, recibi\u00f3 a activistas independientes e integrantes de la Fundaci\u00f3n Antonio Haghenbeck, a [&hellip;]<\/p>\n","protected":false},"author":1,"featured_media":109560,"comment_status":"open","ping_status":"open","sticky":true,"template":"","format":"standard","meta":{"footnotes":""},"categories":[14,6],"tags":[],"_links":{"self":[{"href":"https:\/\/diariodigitalmx.com\/index.php\/wp-json\/wp\/v2\/posts\/109557"}],"collection":[{"href":"https:\/\/diariodigitalmx.com\/index.php\/wp-json\/wp\/v2\/posts"}],"about":[{"href":"https:\/\/diariodigitalmx.com\/index.php\/wp-json\/wp\/v2\/types\/post"}],"author":[{"embeddable":true,"href":"https:\/\/diariodigitalmx.com\/index.php\/wp-json\/wp\/v2\/users\/1"}],"replies":[{"embeddable":true,"href":"https:\/\/diariodigitalmx.com\/index.php\/wp-json\/wp\/v2\/comments?post=109557"}],"version-history":[{"count":3,"href":"https:\/\/diariodigitalmx.com\/index.php\/wp-json\/wp\/v2\/posts\/109557\/revisions"}],"predecessor-version":[{"id":109566,"href":"https:\/\/diariodigitalmx.com\/index.php\/wp-json\/wp\/v2\/posts\/109557\/revisions\/109566"}],"wp:featuredmedia":[{"embeddable":true,"href":"https:\/\/diariodigitalmx.com\/index.php\/wp-json\/wp\/v2\/media\/109560"}],"wp:attachment":[{"href":"https:\/\/diariodigitalmx.com\/index.php\/wp-json\/wp\/v2\/media?parent=109557"}],"wp:term":[{"taxonomy":"category","embeddable":true,"href":"https:\/\/diariodigitalmx.com\/index.php\/wp-json\/wp\/v2\/categories?post=109557"},{"taxonomy":"post_tag","embeddable":true,"href":"https:\/\/diariodigitalmx.com\/index.php\/wp-json\/wp\/v2\/tags?post=109557"}],"curies":[{"name":"wp","href":"https:\/\/api.w.org\/{rel}","templated":true}]}}