{"id":109586,"date":"2023-11-18T07:48:07","date_gmt":"2023-11-18T13:48:07","guid":{"rendered":"http:\/\/diariodigitalmx.com\/?p=109586"},"modified":"2023-11-18T07:57:40","modified_gmt":"2023-11-18T13:57:40","slug":"lleva-igualdad-e-inclusion-foro-reconocernos-iguales-al-cereso-3-de-cadereyta","status":"publish","type":"post","link":"https:\/\/diariodigitalmx.com\/index.php\/2023\/11\/18\/lleva-igualdad-e-inclusion-foro-reconocernos-iguales-al-cereso-3-de-cadereyta\/","title":{"rendered":"Lleva Igualdad e Inclusi\u00f3n, Foro Reconocernos Iguales al Cereso 3 de Cadereyta"},"content":{"rendered":"\n<p><br>Monterrey.- Para promover el derecho al libre desarrollo y la no discriminaci\u00f3n de las personas privadas de la libertad (PPL), la Secretar\u00eda de Igualdad e Inclusi\u00f3n realiz\u00f3 el Foro Reconocernos Iguales: Reinserci\u00f3n: obst\u00e1culos y facilitadores, en el Centro de Reinserci\u00f3n Social Oriente 3, en Cadereyta Jim\u00e9nez.<\/p>\n\n\n\n<figure class=\"wp-block-image size-large\"><img loading=\"lazy\" decoding=\"async\" width=\"1024\" height=\"682\" src=\"http:\/\/diariodigitalmx.com\/wp-content\/uploads\/2023\/11\/image00001-4-1024x682.jpeg\" alt=\"\" class=\"wp-image-109590\" srcset=\"https:\/\/diariodigitalmx.com\/wp-content\/uploads\/2023\/11\/image00001-4-1024x682.jpeg 1024w, https:\/\/diariodigitalmx.com\/wp-content\/uploads\/2023\/11\/image00001-4-300x200.jpeg 300w, https:\/\/diariodigitalmx.com\/wp-content\/uploads\/2023\/11\/image00001-4-768x511.jpeg 768w, https:\/\/diariodigitalmx.com\/wp-content\/uploads\/2023\/11\/image00001-4-1536x1022.jpeg 1536w, https:\/\/diariodigitalmx.com\/wp-content\/uploads\/2023\/11\/image00001-4-2048x1363.jpeg 2048w\" sizes=\"(max-width: 1024px) 100vw, 1024px\" \/><\/figure>\n\n\n\n<p>Martha Herrera, titular de la Secretar\u00eda de Igualdad e Inclusi\u00f3n destac\u00f3 que a trav\u00e9s del foro se busca promover el derecho al libre desarrollo, evitar las pr\u00e1cticas de discriminaci\u00f3n y garantizar sus derechos humanos.<\/p>\n\n\n\n<figure class=\"wp-block-image size-large\"><img loading=\"lazy\" decoding=\"async\" width=\"1024\" height=\"683\" src=\"http:\/\/diariodigitalmx.com\/wp-content\/uploads\/2023\/11\/image00006-2-1024x683.jpeg\" alt=\"\" class=\"wp-image-109593\" srcset=\"https:\/\/diariodigitalmx.com\/wp-content\/uploads\/2023\/11\/image00006-2-1024x683.jpeg 1024w, https:\/\/diariodigitalmx.com\/wp-content\/uploads\/2023\/11\/image00006-2-300x200.jpeg 300w, https:\/\/diariodigitalmx.com\/wp-content\/uploads\/2023\/11\/image00006-2-768x512.jpeg 768w, https:\/\/diariodigitalmx.com\/wp-content\/uploads\/2023\/11\/image00006-2-1536x1024.jpeg 1536w, https:\/\/diariodigitalmx.com\/wp-content\/uploads\/2023\/11\/image00006-2-2048x1365.jpeg 2048w\" sizes=\"(max-width: 1024px) 100vw, 1024px\" \/><\/figure>\n\n\n\n<p>\u201cTodas las acciones que estamos haciendo en favor de las personas privadas de la libertad tambi\u00e9n tiene un impacto en sus familias, en sus entornos y para eso estamos trabajando de manera colaborativa; estos foros que les denominamos Reconocernos Iguales, han abordado tem\u00e1ticas que muchas de ellas, nunca se hab\u00edan puesto sobre la mesa en el Estado y que son fundamentales, tienen que ver con garantizar los derechos humanos de todas las personas&#8221;, explic\u00f3 Herrera en el encuentro celebrado con internos de este Cereso.<\/p>\n\n\n\n<figure class=\"wp-block-image size-full\"><img loading=\"lazy\" decoding=\"async\" width=\"720\" height=\"458\" src=\"http:\/\/diariodigitalmx.com\/wp-content\/uploads\/2023\/11\/Screenshot_20231118-075613_Gallery.jpg\" alt=\"\" class=\"wp-image-109603\" srcset=\"https:\/\/diariodigitalmx.com\/wp-content\/uploads\/2023\/11\/Screenshot_20231118-075613_Gallery.jpg 720w, https:\/\/diariodigitalmx.com\/wp-content\/uploads\/2023\/11\/Screenshot_20231118-075613_Gallery-300x191.jpg 300w\" sizes=\"(max-width: 720px) 100vw, 720px\" \/><\/figure>\n\n\n\n<p>Herrera enfatiz\u00f3 en la importancia de los espacios de di\u00e1logo para que las organizaciones civiles, dependencias de gobierno y la comunidad en general aporten elementos y visiones para la promoci\u00f3n de la igualdad e inclusi\u00f3n.<\/p>\n\n\n\n<p>\u201cEn los foros Reconocernos Iguales, podemos escuchar, reflexionar, construir y con eso que todos estamos escuchando, tomando nota, generando acciones, promoviendo leyes que nos ayuden a acelerar el paso; que el garantizar los derechos humanos sea un tema de todos los d\u00edas\u201d, agreg\u00f3.<\/p>\n\n\n\n<figure class=\"wp-block-gallery has-nested-images columns-default is-cropped wp-block-gallery-1 is-layout-flex wp-block-gallery-is-layout-flex\">\n<figure class=\"wp-block-image size-large\"><img loading=\"lazy\" decoding=\"async\" width=\"1024\" height=\"683\" data-id=\"109600\" src=\"http:\/\/diariodigitalmx.com\/wp-content\/uploads\/2023\/11\/image00004-3-1024x683.jpeg\" alt=\"\" class=\"wp-image-109600\" srcset=\"https:\/\/diariodigitalmx.com\/wp-content\/uploads\/2023\/11\/image00004-3-1024x683.jpeg 1024w, https:\/\/diariodigitalmx.com\/wp-content\/uploads\/2023\/11\/image00004-3-300x200.jpeg 300w, https:\/\/diariodigitalmx.com\/wp-content\/uploads\/2023\/11\/image00004-3-768x512.jpeg 768w, https:\/\/diariodigitalmx.com\/wp-content\/uploads\/2023\/11\/image00004-3-1536x1024.jpeg 1536w, https:\/\/diariodigitalmx.com\/wp-content\/uploads\/2023\/11\/image00004-3-2048x1365.jpeg 2048w\" sizes=\"(max-width: 1024px) 100vw, 1024px\" \/><\/figure>\n\n\n\n<figure class=\"wp-block-image size-large\"><img loading=\"lazy\" decoding=\"async\" width=\"1024\" height=\"683\" data-id=\"109599\" src=\"http:\/\/diariodigitalmx.com\/wp-content\/uploads\/2023\/11\/image00002-4-1024x683.jpeg\" alt=\"\" class=\"wp-image-109599\" srcset=\"https:\/\/diariodigitalmx.com\/wp-content\/uploads\/2023\/11\/image00002-4-1024x683.jpeg 1024w, https:\/\/diariodigitalmx.com\/wp-content\/uploads\/2023\/11\/image00002-4-300x200.jpeg 300w, https:\/\/diariodigitalmx.com\/wp-content\/uploads\/2023\/11\/image00002-4-768x512.jpeg 768w, https:\/\/diariodigitalmx.com\/wp-content\/uploads\/2023\/11\/image00002-4-1536x1024.jpeg 1536w, https:\/\/diariodigitalmx.com\/wp-content\/uploads\/2023\/11\/image00002-4-2048x1365.jpeg 2048w\" sizes=\"(max-width: 1024px) 100vw, 1024px\" \/><\/figure>\n\n\n\n<figure class=\"wp-block-image size-large\"><img loading=\"lazy\" decoding=\"async\" width=\"1024\" height=\"683\" data-id=\"109598\" src=\"http:\/\/diariodigitalmx.com\/wp-content\/uploads\/2023\/11\/image00003-3-1024x683.jpeg\" alt=\"\" class=\"wp-image-109598\" srcset=\"https:\/\/diariodigitalmx.com\/wp-content\/uploads\/2023\/11\/image00003-3-1024x683.jpeg 1024w, https:\/\/diariodigitalmx.com\/wp-content\/uploads\/2023\/11\/image00003-3-300x200.jpeg 300w, https:\/\/diariodigitalmx.com\/wp-content\/uploads\/2023\/11\/image00003-3-768x512.jpeg 768w, https:\/\/diariodigitalmx.com\/wp-content\/uploads\/2023\/11\/image00003-3-1536x1024.jpeg 1536w, https:\/\/diariodigitalmx.com\/wp-content\/uploads\/2023\/11\/image00003-3-2048x1365.jpeg 2048w\" sizes=\"(max-width: 1024px) 100vw, 1024px\" \/><\/figure>\n<\/figure>\n\n\n\n<p>El foro fue moderado por Miriam Hinojosa Dieck, encargada del despacho de la Subsecretaria de Prevenci\u00f3n y Seguridad Humana, y participaron Jos\u00e9 Luis Villalobos Rodr\u00edguez, Director del Centro de Reinserci\u00f3n Social 2 \u201cNorte\u201d; Mauricio Gonz\u00e1lez Ram\u00edrez, del Centro de Acompa\u00f1amiento de Reintegraci\u00f3n Social (CARES); Natalia Rivera Hoyos, Coordinadora de Seguridad y Justicia del Consejo Nuevo Le\u00f3n; Adalberto Yurasi L\u00f3pez, Coordinador T\u00e9cnico Interdisciplinario del Cereso No. 3 Oriente; Tito Vaca, y Alejandro Z., que actualmente se encuentra privado de la libertad.<\/p>\n","protected":false},"excerpt":{"rendered":"<p>Monterrey.- Para promover el derecho al libre desarrollo y la no discriminaci\u00f3n de las personas privadas de la libertad (PPL), la Secretar\u00eda de Igualdad e Inclusi\u00f3n realiz\u00f3 el Foro Reconocernos Iguales: Reinserci\u00f3n: obst\u00e1culos y facilitadores, en el Centro de Reinserci\u00f3n Social Oriente 3, en Cadereyta Jim\u00e9nez. Martha Herrera, titular de la Secretar\u00eda de Igualdad e [&hellip;]<\/p>\n","protected":false},"author":1,"featured_media":109588,"comment_status":"open","ping_status":"open","sticky":true,"template":"","format":"standard","meta":{"footnotes":""},"categories":[6,5],"tags":[],"_links":{"self":[{"href":"https:\/\/diariodigitalmx.com\/index.php\/wp-json\/wp\/v2\/posts\/109586"}],"collection":[{"href":"https:\/\/diariodigitalmx.com\/index.php\/wp-json\/wp\/v2\/posts"}],"about":[{"href":"https:\/\/diariodigitalmx.com\/index.php\/wp-json\/wp\/v2\/types\/post"}],"author":[{"embeddable":true,"href":"https:\/\/diariodigitalmx.com\/index.php\/wp-json\/wp\/v2\/users\/1"}],"replies":[{"embeddable":true,"href":"https:\/\/diariodigitalmx.com\/index.php\/wp-json\/wp\/v2\/comments?post=109586"}],"version-history":[{"count":6,"href":"https:\/\/diariodigitalmx.com\/index.php\/wp-json\/wp\/v2\/posts\/109586\/revisions"}],"predecessor-version":[{"id":109604,"href":"https:\/\/diariodigitalmx.com\/index.php\/wp-json\/wp\/v2\/posts\/109586\/revisions\/109604"}],"wp:featuredmedia":[{"embeddable":true,"href":"https:\/\/diariodigitalmx.com\/index.php\/wp-json\/wp\/v2\/media\/109588"}],"wp:attachment":[{"href":"https:\/\/diariodigitalmx.com\/index.php\/wp-json\/wp\/v2\/media?parent=109586"}],"wp:term":[{"taxonomy":"category","embeddable":true,"href":"https:\/\/diariodigitalmx.com\/index.php\/wp-json\/wp\/v2\/categories?post=109586"},{"taxonomy":"post_tag","embeddable":true,"href":"https:\/\/diariodigitalmx.com\/index.php\/wp-json\/wp\/v2\/tags?post=109586"}],"curies":[{"name":"wp","href":"https:\/\/api.w.org\/{rel}","templated":true}]}}