{"id":109618,"date":"2023-11-18T18:09:42","date_gmt":"2023-11-19T00:09:42","guid":{"rendered":"http:\/\/diariodigitalmx.com\/?p=109618"},"modified":"2023-11-18T18:10:16","modified_gmt":"2023-11-19T00:10:16","slug":"aberrante-que-samuel-garcia-con-la-policia-quiera-imponer-gobernador-interino-en-riesgo-la-gobernabilidad-advierte-morena-en-nl","status":"publish","type":"post","link":"https:\/\/diariodigitalmx.com\/index.php\/2023\/11\/18\/aberrante-que-samuel-garcia-con-la-policia-quiera-imponer-gobernador-interino-en-riesgo-la-gobernabilidad-advierte-morena-en-nl\/","title":{"rendered":"Aberrante que Samuel Garc\u00eda con la polic\u00eda quiera imponer gobernador interino; en riesgo la gobernabilidad, advierte Morena en NL"},"content":{"rendered":"\n<p>Monterrey . &#8211; En una carta abierta pol\u00edticos locales de Morena calificaron de aberraci\u00f3n que Samuel Garc\u00eda advierta de usar la polic\u00eda para imponer su voluntad y dejar, en contra de la Constituci\u00f3n local, como gobernador interino a Javier Navarro, secretario de Gobierno.<\/p>\n\n\n\n<p>&#8220;Resulta inaceptable y una completa aberraci\u00f3n que el Gobernador Samuel Garc\u00eda recurra a la amenaza de utilizar elementos de la fuerza p\u00fablica para imponer su voluntad&#8221;, se\u00f1alan en el documento Tatiana Clouthier ex secretaria de Econom\u00eda; Waldo Fern\u00e1ndez, coordinador de la bancada local de Morena; Ivonne Bustos Paredes; Viridiana Lorelei Hern\u00e1ndez, ex l\u00edder morenista y Grecia Bemavides, entre otros firmantes.<\/p>\n\n\n\n<p>&#8220;La ley y las instituciones se crearon justamente para no tener que recurrir a la violencia&#8221;, abundan.<\/p>\n\n\n\n<p>&#8220;Que un gobernador y su secretario general de gobierno amaguen con utilizar a la fuerza p\u00fablica es algo in\u00e9dito en la historia moderna de nuestro estado&#8221;, a\u00f1aden.<\/p>\n\n\n\n<p>Recuerdan que la Suprema Corte de Justicia de la Naci\u00f3n y la Sala Superior del Tribunal Electoral de la Federaci\u00f3n ya se pronunciar al respecto.<\/p>\n\n\n\n<p>&#8220;La sentencia del Tribunal de este pasado mi\u00e9rcoles fue muy clara en que la facultad exclusiva de nombrar a un gobernador interino es del Congreso. El gobernador Samuel Garc\u00eda tiene nula potestad para imponer condiciones a este mandato constitucional&#8221;.<\/p>\n\n\n\n<p>Califican v\u00e1lida la aspiraci\u00f3n de Samuel Garc\u00eda de buscar la presidencia y ejercer una licencia de seis meses, cuando prometio quedarse los seis a\u00f1os al frente del gobierno, pero, censuran posicionamientos ilegales que pudieran mermar la gobernabilidad.<\/p>\n","protected":false},"excerpt":{"rendered":"<p>Monterrey . &#8211; En una carta abierta pol\u00edticos locales de Morena calificaron de aberraci\u00f3n que Samuel Garc\u00eda advierta de usar la polic\u00eda para imponer su voluntad y dejar, en contra de la Constituci\u00f3n local, como gobernador interino a Javier Navarro, secretario de Gobierno. &#8220;Resulta inaceptable y una completa aberraci\u00f3n que el Gobernador Samuel Garc\u00eda recurra [&hellip;]<\/p>\n","protected":false},"author":1,"featured_media":109620,"comment_status":"open","ping_status":"open","sticky":true,"template":"","format":"standard","meta":{"footnotes":""},"categories":[6,3],"tags":[],"_links":{"self":[{"href":"https:\/\/diariodigitalmx.com\/index.php\/wp-json\/wp\/v2\/posts\/109618"}],"collection":[{"href":"https:\/\/diariodigitalmx.com\/index.php\/wp-json\/wp\/v2\/posts"}],"about":[{"href":"https:\/\/diariodigitalmx.com\/index.php\/wp-json\/wp\/v2\/types\/post"}],"author":[{"embeddable":true,"href":"https:\/\/diariodigitalmx.com\/index.php\/wp-json\/wp\/v2\/users\/1"}],"replies":[{"embeddable":true,"href":"https:\/\/diariodigitalmx.com\/index.php\/wp-json\/wp\/v2\/comments?post=109618"}],"version-history":[{"count":1,"href":"https:\/\/diariodigitalmx.com\/index.php\/wp-json\/wp\/v2\/posts\/109618\/revisions"}],"predecessor-version":[{"id":109619,"href":"https:\/\/diariodigitalmx.com\/index.php\/wp-json\/wp\/v2\/posts\/109618\/revisions\/109619"}],"wp:featuredmedia":[{"embeddable":true,"href":"https:\/\/diariodigitalmx.com\/index.php\/wp-json\/wp\/v2\/media\/109620"}],"wp:attachment":[{"href":"https:\/\/diariodigitalmx.com\/index.php\/wp-json\/wp\/v2\/media?parent=109618"}],"wp:term":[{"taxonomy":"category","embeddable":true,"href":"https:\/\/diariodigitalmx.com\/index.php\/wp-json\/wp\/v2\/categories?post=109618"},{"taxonomy":"post_tag","embeddable":true,"href":"https:\/\/diariodigitalmx.com\/index.php\/wp-json\/wp\/v2\/tags?post=109618"}],"curies":[{"name":"wp","href":"https:\/\/api.w.org\/{rel}","templated":true}]}}