{"id":109650,"date":"2023-11-19T12:41:56","date_gmt":"2023-11-19T18:41:56","guid":{"rendered":"http:\/\/diariodigitalmx.com\/?p=109650"},"modified":"2023-11-19T12:43:47","modified_gmt":"2023-11-19T18:43:47","slug":"el-festival-de-las-aves-promueve-ruta-historica-entre-nl-y-coahuila","status":"publish","type":"post","link":"https:\/\/diariodigitalmx.com\/index.php\/2023\/11\/19\/el-festival-de-las-aves-promueve-ruta-historica-entre-nl-y-coahuila\/","title":{"rendered":"El Festival de las Aves promueve ruta hist\u00f3rica entre NL y Coahuila"},"content":{"rendered":"\n<figure class=\"wp-block-image size-large\"><img loading=\"lazy\" decoding=\"async\" width=\"1024\" height=\"682\" src=\"http:\/\/diariodigitalmx.com\/wp-content\/uploads\/2023\/11\/SRIA-DE-TURISMO-FESTIVAL-DE-LAS-AVES-SANTIAGO-4-1024x682.jpeg\" alt=\"\" class=\"wp-image-109654\" srcset=\"https:\/\/diariodigitalmx.com\/wp-content\/uploads\/2023\/11\/SRIA-DE-TURISMO-FESTIVAL-DE-LAS-AVES-SANTIAGO-4-1024x682.jpeg 1024w, https:\/\/diariodigitalmx.com\/wp-content\/uploads\/2023\/11\/SRIA-DE-TURISMO-FESTIVAL-DE-LAS-AVES-SANTIAGO-4-300x200.jpeg 300w, https:\/\/diariodigitalmx.com\/wp-content\/uploads\/2023\/11\/SRIA-DE-TURISMO-FESTIVAL-DE-LAS-AVES-SANTIAGO-4-768x512.jpeg 768w, https:\/\/diariodigitalmx.com\/wp-content\/uploads\/2023\/11\/SRIA-DE-TURISMO-FESTIVAL-DE-LAS-AVES-SANTIAGO-4.jpeg 1280w\" sizes=\"(max-width: 1024px) 100vw, 1024px\" \/><\/figure>\n\n\n\n<p>Santiago, Nuevo Le\u00f3n.- El Festival de las Aves del Noreste de M\u00e9xico tuvo su segunda edici\u00f3n en la Plaza Ocampo del Pueblo M\u00e1gico de Santiago.<\/p>\n\n\n\n<p>Con una ruta hist\u00f3rica que se extiende en un recorrido de m\u00e1s de 100 kil\u00f3metros y atraviesa distintos ecosistemas y una gran belleza esc\u00e9nica, el evento busca promover el trayecto que une a dos Pueblos M\u00e1gicos del noreste del pa\u00eds; Santiago, y Arteaga, Coahuila.<\/p>\n\n\n\n<p>Se llev\u00f3 a cabo adem\u00e1s la premiaci\u00f3n del concurso de carteles \u201cAves del Noreste Mexicano\u201d, en el que participaron 713 carteles de primaria y secundaria, realiz\u00e1ndose la entrega de reconocimientos a los alumnos ganadores y docentes asesores.<\/p>\n\n\n\n<figure class=\"wp-block-image size-large\"><img loading=\"lazy\" decoding=\"async\" width=\"1024\" height=\"682\" src=\"http:\/\/diariodigitalmx.com\/wp-content\/uploads\/2023\/11\/SRIA-DE-TURISMO-FESTIVAL-DE-LAS-AVES-SANTIAGO-1-1024x682.jpeg\" alt=\"\" class=\"wp-image-109656\" srcset=\"https:\/\/diariodigitalmx.com\/wp-content\/uploads\/2023\/11\/SRIA-DE-TURISMO-FESTIVAL-DE-LAS-AVES-SANTIAGO-1-1024x682.jpeg 1024w, https:\/\/diariodigitalmx.com\/wp-content\/uploads\/2023\/11\/SRIA-DE-TURISMO-FESTIVAL-DE-LAS-AVES-SANTIAGO-1-300x200.jpeg 300w, https:\/\/diariodigitalmx.com\/wp-content\/uploads\/2023\/11\/SRIA-DE-TURISMO-FESTIVAL-DE-LAS-AVES-SANTIAGO-1-768x512.jpeg 768w, https:\/\/diariodigitalmx.com\/wp-content\/uploads\/2023\/11\/SRIA-DE-TURISMO-FESTIVAL-DE-LAS-AVES-SANTIAGO-1.jpeg 1280w\" sizes=\"(max-width: 1024px) 100vw, 1024px\" \/><\/figure>\n\n\n\n<p>El recorrido atraviesa diversos ecosistemas, incluyendo el Parque Nacional Cumbres de Monterrey y la Sierra de Zapalinam\u00e9 de Coahuila, \u00e1reas naturales protegidas clave para la conservaci\u00f3n de la flora y fauna.<\/p>\n\n\n\n<p>Con m\u00e1s de 400 especies de aves para admirar, la ruta ofrece una gran oferta de hospedaje rural, actividades y atractivos complementarios para hacer m\u00e1s atractivo y agradable el recorrido.<\/p>\n\n\n\n<p>En el festival, que incluye la participaci\u00f3n de gobierno municipal y estatal, as\u00ed como productores locales, vendedores, touroperadores y organizaciones civiles, contar\u00e1 con conferencias, seminarios, talleres, actividades educativas, exposiciones de productores, arte y artesan\u00edas, actividades juveniles y recorridos guiados orientados a la observaci\u00f3n y apreciaci\u00f3n de la diversidad de aves en esa regi\u00f3n.<\/p>\n\n\n\n<p>Adem\u00e1s, se ha desarrollado una Gu\u00eda de Aves del Noreste Mexicano, que proporciona informaci\u00f3n sobre las especies y puntos de observaci\u00f3n. La gu\u00eda utiliza c\u00f3digos QR impresos, y la identificaci\u00f3n de aves se facilita mediante la aplicaci\u00f3n Merlin Bird ID.<\/p>\n\n\n\n<p>Asistieron al evento Maricarmen Mart\u00ednez Villarreal, Secretaria de Turismo de Nuevo Le\u00f3n; Rosario \u00c1lvarez Guti\u00e9rrez, Directora Ejecutiva de PRONATURA; Gerardo Montemayor Rodr\u00edguez, Director General de Turismo; David de la Pe\u00f1a, Presidente Municipal de Santiago; Ramiro Duran Garc\u00eda, Presidente Municipal de Arteaga, Coahuila, Gerardo Guidi, Director General de la Reserva Natural Ba\u00f1os San Ignacio A.C; y Richard Vilet Alderete, Director de Promoci\u00f3n de la Secretaria de Turismo de Tamaulipas.<\/p>\n","protected":false},"excerpt":{"rendered":"<p>Santiago, Nuevo Le\u00f3n.- El Festival de las Aves del Noreste de M\u00e9xico tuvo su segunda edici\u00f3n en la Plaza Ocampo del Pueblo M\u00e1gico de Santiago. Con una ruta hist\u00f3rica que se extiende en un recorrido de m\u00e1s de 100 kil\u00f3metros y atraviesa distintos ecosistemas y una gran belleza esc\u00e9nica, el evento busca promover el trayecto [&hellip;]<\/p>\n","protected":false},"author":1,"featured_media":109652,"comment_status":"open","ping_status":"open","sticky":true,"template":"","format":"standard","meta":{"footnotes":""},"categories":[3,17],"tags":[],"_links":{"self":[{"href":"https:\/\/diariodigitalmx.com\/index.php\/wp-json\/wp\/v2\/posts\/109650"}],"collection":[{"href":"https:\/\/diariodigitalmx.com\/index.php\/wp-json\/wp\/v2\/posts"}],"about":[{"href":"https:\/\/diariodigitalmx.com\/index.php\/wp-json\/wp\/v2\/types\/post"}],"author":[{"embeddable":true,"href":"https:\/\/diariodigitalmx.com\/index.php\/wp-json\/wp\/v2\/users\/1"}],"replies":[{"embeddable":true,"href":"https:\/\/diariodigitalmx.com\/index.php\/wp-json\/wp\/v2\/comments?post=109650"}],"version-history":[{"count":3,"href":"https:\/\/diariodigitalmx.com\/index.php\/wp-json\/wp\/v2\/posts\/109650\/revisions"}],"predecessor-version":[{"id":109657,"href":"https:\/\/diariodigitalmx.com\/index.php\/wp-json\/wp\/v2\/posts\/109650\/revisions\/109657"}],"wp:featuredmedia":[{"embeddable":true,"href":"https:\/\/diariodigitalmx.com\/index.php\/wp-json\/wp\/v2\/media\/109652"}],"wp:attachment":[{"href":"https:\/\/diariodigitalmx.com\/index.php\/wp-json\/wp\/v2\/media?parent=109650"}],"wp:term":[{"taxonomy":"category","embeddable":true,"href":"https:\/\/diariodigitalmx.com\/index.php\/wp-json\/wp\/v2\/categories?post=109650"},{"taxonomy":"post_tag","embeddable":true,"href":"https:\/\/diariodigitalmx.com\/index.php\/wp-json\/wp\/v2\/tags?post=109650"}],"curies":[{"name":"wp","href":"https:\/\/api.w.org\/{rel}","templated":true}]}}