{"id":109658,"date":"2023-11-19T16:21:36","date_gmt":"2023-11-19T22:21:36","guid":{"rendered":"http:\/\/diariodigitalmx.com\/?p=109658"},"modified":"2023-11-19T16:24:29","modified_gmt":"2023-11-19T22:24:29","slug":"sesiona-y-propone-politicas-publicas-primer-cabildo-lgbtiq-de-monterrey","status":"publish","type":"post","link":"https:\/\/diariodigitalmx.com\/index.php\/2023\/11\/19\/sesiona-y-propone-politicas-publicas-primer-cabildo-lgbtiq-de-monterrey\/","title":{"rendered":"Sesiona y propone pol\u00edticas p\u00fablicas Primer Cabildo LGBTIQ+ de Monterrey"},"content":{"rendered":"\n<p>Por primera vez, Monterrey tuvo su Cabildo LGBTIQ+, conformado por 30 personas que sesionaron durante dos y realizaron propuestas a favor de un entorno m\u00e1s inclusivo.<\/p>\n\n\n\n<p>El Gobierno de Monterrey brind\u00f3 un espacio a las personas de la diversidad sexual, quienes aprobaron cuatro iniciativas, una por cada comisi\u00f3n que se les asign\u00f3: Salud, Educaci\u00f3n y Cultura, Servicios P\u00fablicos e Igualdad de G\u00e9nero.<\/p>\n\n\n\n<figure class=\"wp-block-image size-large\"><img loading=\"lazy\" decoding=\"async\" width=\"1024\" height=\"768\" src=\"http:\/\/diariodigitalmx.com\/wp-content\/uploads\/2023\/11\/5-CABILDO-LGBTIQ-1024x768.jpg\" alt=\"\" class=\"wp-image-109667\" srcset=\"https:\/\/diariodigitalmx.com\/wp-content\/uploads\/2023\/11\/5-CABILDO-LGBTIQ-1024x768.jpg 1024w, https:\/\/diariodigitalmx.com\/wp-content\/uploads\/2023\/11\/5-CABILDO-LGBTIQ-300x225.jpg 300w, https:\/\/diariodigitalmx.com\/wp-content\/uploads\/2023\/11\/5-CABILDO-LGBTIQ-768x576.jpg 768w, https:\/\/diariodigitalmx.com\/wp-content\/uploads\/2023\/11\/5-CABILDO-LGBTIQ.jpg 1280w\" sizes=\"(max-width: 1024px) 100vw, 1024px\" \/><\/figure>\n\n\n\n<p>\u201cNadie cambia el mundo con un pensamiento o con una idea, pero la suma de todos los esfuerzos por muy peque\u00f1os que parezcan, s\u00ed cambian realidades desde lo local y eso es lo que nos tiene aqu\u00ed\u201d, expres\u00f3 la Regidora Ana Eugenia Rodr\u00edguez, coordinadora de la Comisi\u00f3n de Igualdad de G\u00e9nero.<\/p>\n\n\n\n<figure class=\"wp-block-image size-large\"><img loading=\"lazy\" decoding=\"async\" width=\"1024\" height=\"768\" src=\"http:\/\/diariodigitalmx.com\/wp-content\/uploads\/2023\/11\/LGTB-9-1024x768.jpg\" alt=\"\" class=\"wp-image-109661\" srcset=\"https:\/\/diariodigitalmx.com\/wp-content\/uploads\/2023\/11\/LGTB-9-1024x768.jpg 1024w, https:\/\/diariodigitalmx.com\/wp-content\/uploads\/2023\/11\/LGTB-9-300x225.jpg 300w, https:\/\/diariodigitalmx.com\/wp-content\/uploads\/2023\/11\/LGTB-9-768x576.jpg 768w, https:\/\/diariodigitalmx.com\/wp-content\/uploads\/2023\/11\/LGTB-9.jpg 1280w\" sizes=\"(max-width: 1024px) 100vw, 1024px\" \/><\/figure>\n\n\n\n<p>\u201cSi\u00e9ntanse orgulloses de haber sido parte de este Primer Cabildo LGBTIQ+ del Municipio de Monterrey y de que su trabajo le va a hacer la vida menos hostil a muchas personas por muchos a\u00f1os\u201d.<\/p>\n\n\n\n<p>Las propuestas aprobadas ser\u00e1n parte de la agenda de trabajo de la Comisi\u00f3n de Igualdad de G\u00e9nero para el a\u00f1o 2024.<\/p>\n\n\n\n<figure class=\"wp-block-image size-large\"><img loading=\"lazy\" decoding=\"async\" width=\"1024\" height=\"768\" src=\"http:\/\/diariodigitalmx.com\/wp-content\/uploads\/2023\/11\/1-CABILDO-LGBTIQ-1024x768.jpg\" alt=\"\" class=\"wp-image-109664\" srcset=\"https:\/\/diariodigitalmx.com\/wp-content\/uploads\/2023\/11\/1-CABILDO-LGBTIQ-1024x768.jpg 1024w, https:\/\/diariodigitalmx.com\/wp-content\/uploads\/2023\/11\/1-CABILDO-LGBTIQ-300x225.jpg 300w, https:\/\/diariodigitalmx.com\/wp-content\/uploads\/2023\/11\/1-CABILDO-LGBTIQ-768x576.jpg 768w, https:\/\/diariodigitalmx.com\/wp-content\/uploads\/2023\/11\/1-CABILDO-LGBTIQ.jpg 1280w\" sizes=\"(max-width: 1024px) 100vw, 1024px\" \/><\/figure>\n\n\n\n<p>Por su destacado desempe\u00f1o en este ejercicio, al concluir el segundo d\u00eda de trabajo, los participantes recibieron un reconocimiento de parte del Gobierno de Monterrey.<\/p>\n\n\n\n<p>La convocatoria para conformar el primer Cabildo LGBTIQ+ fue aprobada por el Cabildo en septiembre pasado, a iniciativa de la Regidora Rodr\u00edguez en coordinaci\u00f3n con la asociaci\u00f3n LGBT Rights, con el objetivo de impulsar la participaci\u00f3n de todos los sectores sociales en la creaci\u00f3n de nuevas pol\u00edticas p\u00fablicas.<\/p>\n","protected":false},"excerpt":{"rendered":"<p>Por primera vez, Monterrey tuvo su Cabildo LGBTIQ+, conformado por 30 personas que sesionaron durante dos y realizaron propuestas a favor de un entorno m\u00e1s inclusivo. El Gobierno de Monterrey brind\u00f3 un espacio a las personas de la diversidad sexual, quienes aprobaron cuatro iniciativas, una por cada comisi\u00f3n que se les asign\u00f3: Salud, Educaci\u00f3n y [&hellip;]<\/p>\n","protected":false},"author":1,"featured_media":109660,"comment_status":"open","ping_status":"open","sticky":true,"template":"","format":"standard","meta":{"footnotes":""},"categories":[14,6],"tags":[],"_links":{"self":[{"href":"https:\/\/diariodigitalmx.com\/index.php\/wp-json\/wp\/v2\/posts\/109658"}],"collection":[{"href":"https:\/\/diariodigitalmx.com\/index.php\/wp-json\/wp\/v2\/posts"}],"about":[{"href":"https:\/\/diariodigitalmx.com\/index.php\/wp-json\/wp\/v2\/types\/post"}],"author":[{"embeddable":true,"href":"https:\/\/diariodigitalmx.com\/index.php\/wp-json\/wp\/v2\/users\/1"}],"replies":[{"embeddable":true,"href":"https:\/\/diariodigitalmx.com\/index.php\/wp-json\/wp\/v2\/comments?post=109658"}],"version-history":[{"count":4,"href":"https:\/\/diariodigitalmx.com\/index.php\/wp-json\/wp\/v2\/posts\/109658\/revisions"}],"predecessor-version":[{"id":109668,"href":"https:\/\/diariodigitalmx.com\/index.php\/wp-json\/wp\/v2\/posts\/109658\/revisions\/109668"}],"wp:featuredmedia":[{"embeddable":true,"href":"https:\/\/diariodigitalmx.com\/index.php\/wp-json\/wp\/v2\/media\/109660"}],"wp:attachment":[{"href":"https:\/\/diariodigitalmx.com\/index.php\/wp-json\/wp\/v2\/media?parent=109658"}],"wp:term":[{"taxonomy":"category","embeddable":true,"href":"https:\/\/diariodigitalmx.com\/index.php\/wp-json\/wp\/v2\/categories?post=109658"},{"taxonomy":"post_tag","embeddable":true,"href":"https:\/\/diariodigitalmx.com\/index.php\/wp-json\/wp\/v2\/tags?post=109658"}],"curies":[{"name":"wp","href":"https:\/\/api.w.org\/{rel}","templated":true}]}}