{"id":109669,"date":"2023-11-19T19:42:34","date_gmt":"2023-11-20T01:42:34","guid":{"rendered":"http:\/\/diariodigitalmx.com\/?p=109669"},"modified":"2023-11-19T19:43:36","modified_gmt":"2023-11-20T01:43:36","slug":"crisis-politica-en-nl-gobierno-quiere-mesa-de-dialogo","status":"publish","type":"post","link":"https:\/\/diariodigitalmx.com\/index.php\/2023\/11\/19\/crisis-politica-en-nl-gobierno-quiere-mesa-de-dialogo\/","title":{"rendered":"Crisis pol\u00edtica en NL; gobierno quiere mesa de di\u00e1logo"},"content":{"rendered":"\n<p><br>*El art\u00edculo 122 de la Constituci\u00f3n local faculta al Congreso a designar gobernador interino<\/p>\n\n\n\n<p>En medio de la crisis pol\u00edtica que vive Nuevo Le\u00f3n, ahora el secretario de Gobierno, Javier Navarro, quiere dialogar en una mesa y no en un tribunal, aunque el pleito de diputados de oposici\u00f3n y el gobernador Samuel Garc\u00eda siempre ha sido judicializado.<\/p>\n\n\n\n<p>&#8220;La salida pol\u00edtica es lo que siempre hemos sostenido, sentarnos en una mesa a dialogar y no en un tribunal a pelear. La invitaci\u00f3n est\u00e1 dada, creo que hay una buena disposici\u00f3n, esperemos que esto se pueda ver materializado pronto y si las condiciones nos lo permiten, transitar para que haya ese nombramiento del Gobernador interino de com\u00fan acuerdo y sobre todos pensando en Nuevo Le\u00f3n.&#8221;, dijo el funcionario que Samuel Garc\u00eda ha dejado como encargado del despacho mientras har\u00e1 precampa\u00f1a presidencial.<\/p>\n\n\n\n<p>Y aunque nada oficial y legal se\u00f1ala que el gobernador interino debe ser emanado de Movimiento Ciudadano, Navarro insiste en que debe ser del partido oficial.<\/p>\n\n\n\n<p>&#8220;La idea es que sea alguien de Movimiento Ciudadano, de la misma estructura pol\u00edtica del Gobernador, porque la ciudadan\u00eda vot\u00f3&#8221;, se\u00f1al\u00f3.<\/p>\n\n\n\n<p>El funcionario apela al art\u00edculo 124 de la Constituci\u00f3n, y establece una confianza leg\u00edtima.<\/p>\n\n\n\n<p>&#8220;El compromiso de quien se quede a cargo del Gobierno, de titular del ejecutivo deber\u00e1 asumir ese compromisos, deber\u00e1 tener la visi\u00f3n y el compromiso para enfrentarlo. Es un periodo muy corto de seis meses, entonces se requiere alguien que ya conozca bien la estructura y los proyectos&#8221;, a\u00f1ade.<\/p>\n\n\n\n<p>Sin embargo, el art\u00edculo 122 de la Constituci\u00f3n local dice que es el Congreso quien debe designar al gobernador Interino, pero no especifica que deba ser de alg\u00fan partido o ideolog\u00eda pol\u00edtica.<\/p>\n","protected":false},"excerpt":{"rendered":"<p>*El art\u00edculo 122 de la Constituci\u00f3n local faculta al Congreso a designar gobernador interino En medio de la crisis pol\u00edtica que vive Nuevo Le\u00f3n, ahora el secretario de Gobierno, Javier Navarro, quiere dialogar en una mesa y no en un tribunal, aunque el pleito de diputados de oposici\u00f3n y el gobernador Samuel Garc\u00eda siempre ha [&hellip;]<\/p>\n","protected":false},"author":1,"featured_media":109671,"comment_status":"open","ping_status":"open","sticky":true,"template":"","format":"standard","meta":{"footnotes":""},"categories":[6,3],"tags":[],"_links":{"self":[{"href":"https:\/\/diariodigitalmx.com\/index.php\/wp-json\/wp\/v2\/posts\/109669"}],"collection":[{"href":"https:\/\/diariodigitalmx.com\/index.php\/wp-json\/wp\/v2\/posts"}],"about":[{"href":"https:\/\/diariodigitalmx.com\/index.php\/wp-json\/wp\/v2\/types\/post"}],"author":[{"embeddable":true,"href":"https:\/\/diariodigitalmx.com\/index.php\/wp-json\/wp\/v2\/users\/1"}],"replies":[{"embeddable":true,"href":"https:\/\/diariodigitalmx.com\/index.php\/wp-json\/wp\/v2\/comments?post=109669"}],"version-history":[{"count":1,"href":"https:\/\/diariodigitalmx.com\/index.php\/wp-json\/wp\/v2\/posts\/109669\/revisions"}],"predecessor-version":[{"id":109670,"href":"https:\/\/diariodigitalmx.com\/index.php\/wp-json\/wp\/v2\/posts\/109669\/revisions\/109670"}],"wp:featuredmedia":[{"embeddable":true,"href":"https:\/\/diariodigitalmx.com\/index.php\/wp-json\/wp\/v2\/media\/109671"}],"wp:attachment":[{"href":"https:\/\/diariodigitalmx.com\/index.php\/wp-json\/wp\/v2\/media?parent=109669"}],"wp:term":[{"taxonomy":"category","embeddable":true,"href":"https:\/\/diariodigitalmx.com\/index.php\/wp-json\/wp\/v2\/categories?post=109669"},{"taxonomy":"post_tag","embeddable":true,"href":"https:\/\/diariodigitalmx.com\/index.php\/wp-json\/wp\/v2\/tags?post=109669"}],"curies":[{"name":"wp","href":"https:\/\/api.w.org\/{rel}","templated":true}]}}