{"id":109672,"date":"2023-11-19T20:23:09","date_gmt":"2023-11-20T02:23:09","guid":{"rendered":"http:\/\/diariodigitalmx.com\/?p=109672"},"modified":"2023-11-19T20:23:51","modified_gmt":"2023-11-20T02:23:51","slug":"un-arrebato-llamarles-reventadores-samuel-garcia-y-la-disculpa-a-como-vamos","status":"publish","type":"post","link":"https:\/\/diariodigitalmx.com\/index.php\/2023\/11\/19\/un-arrebato-llamarles-reventadores-samuel-garcia-y-la-disculpa-a-como-vamos\/","title":{"rendered":"Un arrebato llamarles reventadores: Samuel Garc\u00eda y la disculpa a C\u00f3mo Vamos"},"content":{"rendered":"\n<p>&#8220;Fue un arrebato, me disculpo si alguna vez ofend\u00ed&#8221;, recul\u00f3 Samuel Garc\u00eda d\u00edas despu\u00e9s que llam\u00f3 reventadores a los integrantes de la plataforma C\u00f3mo Vamos, que calificaron con 6.9 su administraci\u00f3n.<\/p>\n\n\n\n<p>Sin embargo, el gobernador de Nuevo Le\u00f3n que este lunes 20 de noviembre inicia precampa\u00f1a presidencial, tiene otros datos, aunque en realidad no altos.<\/p>\n\n\n\n<p>Dijo que su gesti\u00f3n tiene una aprobaci\u00f3n del 63 por ciento en seguridad, 77 por ciento en el tema por el manejo del agua y del 72 por ciento en movilidad y transporte p\u00fablico.<\/p>\n\n\n\n<p>Sobre la ofensa que lanz\u00f3 a C\u00f3mo Vamos: &#8220;A todos ellos decirles, en primer lugar una disculpa si alguna vez ofend\u00ed, si lo hice y pido una disculpa de frente, no merec\u00edan ese adjetivo, cometo errores, pero tambi\u00e9n corrijo, acepto y cuando me equivoco lo reconozco&#8221;.<\/p>\n\n\n\n<p>&#8220;Vamos a estar escuchando siempre sus opiniones y sus proyectos, siempre, y los respeto y los quiero mucho a todas las c\u00e1maras, pero tambi\u00e9n cuando discrepamos lo tenemos que decir.<\/p>\n\n\n\n<p>&#8220;Quiz\u00e1 yo por defender a (Gerardo) Palacios o a Alma (Marroqu\u00edn) en un arrebato hice un muy mal comentario, lo reconozco, pido un disculpa y corrijo, siempre estaremos con ustedes trabajando, pero es lo que nosotros vemos en nuestras encuestas, en materias m\u00e1s duras no tenemos 3, ni 5&#8221;.<\/p>\n","protected":false},"excerpt":{"rendered":"<p>&#8220;Fue un arrebato, me disculpo si alguna vez ofend\u00ed&#8221;, recul\u00f3 Samuel Garc\u00eda d\u00edas despu\u00e9s que llam\u00f3 reventadores a los integrantes de la plataforma C\u00f3mo Vamos, que calificaron con 6.9 su administraci\u00f3n. Sin embargo, el gobernador de Nuevo Le\u00f3n que este lunes 20 de noviembre inicia precampa\u00f1a presidencial, tiene otros datos, aunque en realidad no altos. [&hellip;]<\/p>\n","protected":false},"author":1,"featured_media":109674,"comment_status":"open","ping_status":"open","sticky":true,"template":"","format":"standard","meta":{"footnotes":""},"categories":[14,6],"tags":[],"_links":{"self":[{"href":"https:\/\/diariodigitalmx.com\/index.php\/wp-json\/wp\/v2\/posts\/109672"}],"collection":[{"href":"https:\/\/diariodigitalmx.com\/index.php\/wp-json\/wp\/v2\/posts"}],"about":[{"href":"https:\/\/diariodigitalmx.com\/index.php\/wp-json\/wp\/v2\/types\/post"}],"author":[{"embeddable":true,"href":"https:\/\/diariodigitalmx.com\/index.php\/wp-json\/wp\/v2\/users\/1"}],"replies":[{"embeddable":true,"href":"https:\/\/diariodigitalmx.com\/index.php\/wp-json\/wp\/v2\/comments?post=109672"}],"version-history":[{"count":1,"href":"https:\/\/diariodigitalmx.com\/index.php\/wp-json\/wp\/v2\/posts\/109672\/revisions"}],"predecessor-version":[{"id":109673,"href":"https:\/\/diariodigitalmx.com\/index.php\/wp-json\/wp\/v2\/posts\/109672\/revisions\/109673"}],"wp:featuredmedia":[{"embeddable":true,"href":"https:\/\/diariodigitalmx.com\/index.php\/wp-json\/wp\/v2\/media\/109674"}],"wp:attachment":[{"href":"https:\/\/diariodigitalmx.com\/index.php\/wp-json\/wp\/v2\/media?parent=109672"}],"wp:term":[{"taxonomy":"category","embeddable":true,"href":"https:\/\/diariodigitalmx.com\/index.php\/wp-json\/wp\/v2\/categories?post=109672"},{"taxonomy":"post_tag","embeddable":true,"href":"https:\/\/diariodigitalmx.com\/index.php\/wp-json\/wp\/v2\/tags?post=109672"}],"curies":[{"name":"wp","href":"https:\/\/api.w.org\/{rel}","templated":true}]}}