{"id":109727,"date":"2023-11-20T14:59:22","date_gmt":"2023-11-20T20:59:22","guid":{"rendered":"http:\/\/diariodigitalmx.com\/?p=109727"},"modified":"2023-11-20T15:00:35","modified_gmt":"2023-11-20T21:00:35","slug":"que-casualidad","status":"publish","type":"post","link":"https:\/\/diariodigitalmx.com\/index.php\/2023\/11\/20\/que-casualidad\/","title":{"rendered":"Que casualidad"},"content":{"rendered":"\n<p>Ixtoc Hinojosa G\u00e1ndara<\/p>\n\n\n\n<p>En la quincena pasada muchos de los empleados del Poder Judicial y del Poder Legislativo del Estado de Nuevo Le\u00f3n no recibieron el pago de su nomina quincenal, todo esto bajo la sospecha de una instrucci\u00f3n directa del Palacio de Cantera. No quiero ser mal pensado pero Samuel Garc\u00eda no da oportunidad ya que resulta que el Gobernador Interino que hab\u00eda designado el Congreso del Estado y despu\u00e9s fue declarado inelegible por la Suprema Corte de Justicia de la Naci\u00f3n es Presidente del Poder Judicial del Estado y los que realizaron esa designaci\u00f3n fueron los diputados de oposici\u00f3n y los que resultaron afectados fueron los empleados de estos poderes adem\u00e1s de los organismos aut\u00f3nomos.<\/p>\n\n\n\n<p>Para colmo de males a algunos se les pag\u00f3 de manera incompleta y hasta el viernes 17, no huele, apesta a un gesto de venganza y de pol\u00edtica de muy baja altura de miras y demuestra una vez m\u00e1s la inmadurez pol\u00edtica de Garc\u00eda Sep\u00falveda que no tiene nada que ver con la edad.<\/p>\n\n\n\n<p>Ahora resulta que de todos los aspirantes a la candidatura presidencial de Movimiento Ciudadano el \u00fanico que cumpli\u00f3 todos los requisitos fue Samuel, as\u00ed o m\u00e1s evidente la cargada a favor de un solo precandidato, no sean descarados tan siquiera despistenle. Estoy escribiendo est\u00e1s l\u00edneas un d\u00eda antes del arranque oficial de las precampa\u00f1as, veremos si el que dice ser portavoz de la nueva pol\u00edtica no resulta un beneficiado m\u00e1s de las malas conductas de la vieja pol\u00edtica como el acarreo y la cuasiobligaci\u00f3n de los bur\u00f3cratas del estado y de los municipios afines, lo cual fue confirmado por fuentes an\u00f3nimas.<\/p>\n\n\n\n<p>Veremos cu\u00e1l es la decisi\u00f3n final del Congreso del Estado para nombramiento del Gobernador Interino y ojal\u00e1 el Secretario General de Gobierno no contribuya a un clima de ingobernabilidad haciendo uso de la fuerza p\u00fablica. Recuerda me puedes encontrar en todas mis redes como @ixtocmty.<\/p>\n","protected":false},"excerpt":{"rendered":"<p>Ixtoc Hinojosa G\u00e1ndara En la quincena pasada muchos de los empleados del Poder Judicial y del Poder Legislativo del Estado de Nuevo Le\u00f3n no recibieron el pago de su nomina quincenal, todo esto bajo la sospecha de una instrucci\u00f3n directa del Palacio de Cantera. No quiero ser mal pensado pero Samuel Garc\u00eda no da oportunidad [&hellip;]<\/p>\n","protected":false},"author":1,"featured_media":109730,"comment_status":"open","ping_status":"open","sticky":true,"template":"","format":"standard","meta":{"footnotes":""},"categories":[14,12],"tags":[],"_links":{"self":[{"href":"https:\/\/diariodigitalmx.com\/index.php\/wp-json\/wp\/v2\/posts\/109727"}],"collection":[{"href":"https:\/\/diariodigitalmx.com\/index.php\/wp-json\/wp\/v2\/posts"}],"about":[{"href":"https:\/\/diariodigitalmx.com\/index.php\/wp-json\/wp\/v2\/types\/post"}],"author":[{"embeddable":true,"href":"https:\/\/diariodigitalmx.com\/index.php\/wp-json\/wp\/v2\/users\/1"}],"replies":[{"embeddable":true,"href":"https:\/\/diariodigitalmx.com\/index.php\/wp-json\/wp\/v2\/comments?post=109727"}],"version-history":[{"count":2,"href":"https:\/\/diariodigitalmx.com\/index.php\/wp-json\/wp\/v2\/posts\/109727\/revisions"}],"predecessor-version":[{"id":109729,"href":"https:\/\/diariodigitalmx.com\/index.php\/wp-json\/wp\/v2\/posts\/109727\/revisions\/109729"}],"wp:featuredmedia":[{"embeddable":true,"href":"https:\/\/diariodigitalmx.com\/index.php\/wp-json\/wp\/v2\/media\/109730"}],"wp:attachment":[{"href":"https:\/\/diariodigitalmx.com\/index.php\/wp-json\/wp\/v2\/media?parent=109727"}],"wp:term":[{"taxonomy":"category","embeddable":true,"href":"https:\/\/diariodigitalmx.com\/index.php\/wp-json\/wp\/v2\/categories?post=109727"},{"taxonomy":"post_tag","embeddable":true,"href":"https:\/\/diariodigitalmx.com\/index.php\/wp-json\/wp\/v2\/tags?post=109727"}],"curies":[{"name":"wp","href":"https:\/\/api.w.org\/{rel}","templated":true}]}}